{"id":32712,"date":"2009-11-15T20:27:39","date_gmt":"2009-11-15T20:27:39","guid":{"rendered":"http:\/\/www.pcnen.com\/portal\/?p=32712"},"modified":"2009-11-15T20:27:39","modified_gmt":"2009-11-15T20:27:39","slug":"lekic-okuplja-opoziciju","status":"publish","type":"post","link":"https:\/\/www.pcnen.com\/portal\/2009\/11\/15\/lekic-okuplja-opoziciju\/","title":{"rendered":"Leki\u0107 okuplja opoziciju"},"content":{"rendered":"<p>List saznaje da je gotovo izvjesno da \u0107e lider budu\u0107e organizacije biti biv&scaron;i diplomata Miodrag Leki\u0107, profesor na univerzitetu u Italiji.<\/p>\n<p>Nezvani\u010dno, okosnicu fronta \u010dini\u0107e profesori sa Univerziteta i predstavnici NVO koje su i do sada imale kriti\u010dki odnos prema vlastima. <\/p>\n<p>List pi&scaron;e da sa pominju imena profesora univerziteta Mirjane Kuljak, Filipa Kova\u010devi\u0107a i Milana Popovi\u0107a, direktorke MANS Vanje \u0106alovi\u0107, Ratka Kne\u017eevi\u0107a, biznismena, kao i vi&scaron;e sindikalnih aktivista i pisaca i novinara.<\/p>\n<p>Kada \u0107e &quot;demokratski front&quot; biti i formalno formiran jo&scaron; se ne zna. Navodno, prije Nove godine bi\u0107e objelodanjen sastav &quot;koordinacionog odbora&quot; koji \u0107e budu\u0107i pokret organizovati i predlo\u017eiti konkretan program. <\/p>\n<p>&quot;U to tijelo u&scaron;li bi svi oni koji smatraju da je do&scaron;lo vrijeme da se pru\u017ei otpor vlasti koja je kidnapovala dr\u017eavu i gra\u0111ane dr\u017ei kao taoce svojih interesa&quot;, rekao je&nbsp;Kova\u010devi\u0107.<\/p>\n","protected":false},"excerpt":{"rendered":"<p>Ve\u0107ina stranaka, kao i neki pojedinci, pozdravili su inicijativu Neboj&scaron;e Medojevi\u0107a, lidera PzP, o formiranju fronta \u010diji je cilj smjena premijera Mila \u0110ukanovi\u0107a i raspisivanje demokratskih izbora, pi&scaron;u <em><a href=\"http:\/\/www.novosti.rs\/code\/navigate.php?Id=129&amp;status=jedna&amp;vest=162753&amp;title_add=Leki%C4%87%20okuplja%20opoziciju&amp;kword_add=miodrag%20lekic%2C%20opozicija%20u%20cg\">Ve\u010dernje Novisti.<\/a><\/em><\/p>\n","protected":false},"author":1,"featured_media":0,"comment_status":"open","ping_status":"closed","sticky":false,"template":"","format":"standard","meta":{"_seopress_robots_primary_cat":"","_seopress_titles_title":"","_seopress_titles_desc":"","_seopress_robots_index":"","_et_pb_use_builder":"","_et_pb_old_content":"","_et_gb_content_width":"","inline_featured_image":false,"footnotes":""},"categories":[14],"tags":[],"class_list":["post-32712","post","type-post","status-publish","format-standard","hentry","category-vijesti"],"_links":{"self":[{"href":"https:\/\/www.pcnen.com\/portal\/wp-json\/wp\/v2\/posts\/32712","targetHints":{"allow":["GET"]}}],"collection":[{"href":"https:\/\/www.pcnen.com\/portal\/wp-json\/wp\/v2\/posts"}],"about":[{"href":"https:\/\/www.pcnen.com\/portal\/wp-json\/wp\/v2\/types\/post"}],"author":[{"embeddable":true,"href":"https:\/\/www.pcnen.com\/portal\/wp-json\/wp\/v2\/users\/1"}],"replies":[{"embeddable":true,"href":"https:\/\/www.pcnen.com\/portal\/wp-json\/wp\/v2\/comments?post=32712"}],"version-history":[{"count":0,"href":"https:\/\/www.pcnen.com\/portal\/wp-json\/wp\/v2\/posts\/32712\/revisions"}],"wp:attachment":[{"href":"https:\/\/www.pcnen.com\/portal\/wp-json\/wp\/v2\/media?parent=32712"}],"wp:term":[{"taxonomy":"category","embeddable":true,"href":"https:\/\/www.pcnen.com\/portal\/wp-json\/wp\/v2\/categories?post=32712"},{"taxonomy":"post_tag","embeddable":true,"href":"https:\/\/www.pcnen.com\/portal\/wp-json\/wp\/v2\/tags?post=32712"}],"curies":[{"name":"wp","href":"https:\/\/api.w.org\/{rel}","templated":true}]}}