{"id":32709,"date":"2009-11-15T18:16:36","date_gmt":"2009-11-15T18:16:36","guid":{"rendered":"http:\/\/www.pcnen.com\/portal\/?p=32709"},"modified":"2009-11-15T18:16:36","modified_gmt":"2009-11-15T18:16:36","slug":"silajdzic-srbija-nije-garant-dejtonskog-sporazuma","status":"publish","type":"post","link":"https:\/\/www.pcnen.com\/portal\/2009\/11\/15\/silajdzic-srbija-nije-garant-dejtonskog-sporazuma\/","title":{"rendered":"Silajd\u017ei\u0107: Srbija nije garant Dejtonskog sporazuma"},"content":{"rendered":"<p>\u010clan Predsjedni&scaron;tva BiH Haris Silajd\u017ei\u0107 osudio je ju\u010dera&scaron;nju izjavu potpredsjednika Vlade Srbije Ivice Da\u010di\u0107a da je Srbija &quot;jamac Dejtonskog sporazuma&quot;. <\/p>\n<p>&quot;Srbija je bila samo potpisnik tog sporazuma, i to zbog svoje uloge u agresiji na na&scaron;u zemlju. Srbija se tim potpisom obvezala na prekid aktivnosti uperenih protiv Bosne i Hercegovine, ali nije dobila pravo mije&scaron;anja u unutarnje stvari na&scaron;e zemlje, kakvo pravo sebi \u017eeli priskrbiti insistiranjem na nepostoje\u0107oj ulozi &lsquo;jmaca&#8217; tog sporazuma&quot;, navodi se u Silajd\u017ei\u0107evom saop&scaron;tenju, prenose <a href=\"http:\/\/www.pincom.info\/index.php?p=opsirnije&amp;s=71669\">bh mediji.<\/a><\/p>\n","protected":false},"excerpt":{"rendered":"<p>\u010clan Predsjedni&scaron;tva BiH Haris Silajd\u017ei\u0107 osudio je ju\u010dera&scaron;nju izjavu potpredsjednika Vlade Srbije Ivice Da\u010di\u0107a da je Srbija &quot;jamac Dejtonskog sporazuma&quot;. &quot;Srbija je bila samo potpisnik tog sporazuma, i to zbog svoje uloge u agresiji na na&scaron;u zemlju. Srbija se tim potpisom obvezala na prekid aktivnosti uperenih protiv Bosne i Hercegovine, ali nije dobila pravo mije&scaron;anja [&hellip;]<\/p>\n","protected":false},"author":1,"featured_media":0,"comment_status":"open","ping_status":"closed","sticky":false,"template":"","format":"standard","meta":{"_seopress_robots_primary_cat":"","_seopress_titles_title":"","_seopress_titles_desc":"","_seopress_robots_index":"","_et_pb_use_builder":"","_et_pb_old_content":"","_et_gb_content_width":"","inline_featured_image":false,"footnotes":""},"categories":[14],"tags":[],"class_list":["post-32709","post","type-post","status-publish","format-standard","hentry","category-vijesti"],"_links":{"self":[{"href":"https:\/\/www.pcnen.com\/portal\/wp-json\/wp\/v2\/posts\/32709","targetHints":{"allow":["GET"]}}],"collection":[{"href":"https:\/\/www.pcnen.com\/portal\/wp-json\/wp\/v2\/posts"}],"about":[{"href":"https:\/\/www.pcnen.com\/portal\/wp-json\/wp\/v2\/types\/post"}],"author":[{"embeddable":true,"href":"https:\/\/www.pcnen.com\/portal\/wp-json\/wp\/v2\/users\/1"}],"replies":[{"embeddable":true,"href":"https:\/\/www.pcnen.com\/portal\/wp-json\/wp\/v2\/comments?post=32709"}],"version-history":[{"count":0,"href":"https:\/\/www.pcnen.com\/portal\/wp-json\/wp\/v2\/posts\/32709\/revisions"}],"wp:attachment":[{"href":"https:\/\/www.pcnen.com\/portal\/wp-json\/wp\/v2\/media?parent=32709"}],"wp:term":[{"taxonomy":"category","embeddable":true,"href":"https:\/\/www.pcnen.com\/portal\/wp-json\/wp\/v2\/categories?post=32709"},{"taxonomy":"post_tag","embeddable":true,"href":"https:\/\/www.pcnen.com\/portal\/wp-json\/wp\/v2\/tags?post=32709"}],"curies":[{"name":"wp","href":"https:\/\/api.w.org\/{rel}","templated":true}]}}