{"id":32707,"date":"2009-11-15T19:42:33","date_gmt":"2009-11-15T19:42:33","guid":{"rendered":"http:\/\/www.pcnen.com\/portal\/?p=32707"},"modified":"2009-11-15T19:42:33","modified_gmt":"2009-11-15T19:42:33","slug":"patrijarh-pavle-ce-biti-sahranjen-u-rakovici","status":"publish","type":"post","link":"https:\/\/www.pcnen.com\/portal\/2009\/11\/15\/patrijarh-pavle-ce-biti-sahranjen-u-rakovici\/","title":{"rendered":"Patrijarh Pavle \u0107e biti sahranjen u Rakovici"},"content":{"rendered":"<p>Patrijarh srpski Pavle bi\u0107e sahranjen u porti manastira Rakovica, nedaleko od Beograda, odlu\u010dio je Sinod SPC, odlu;eno je nastanku Sinoda<em>.<\/em><\/p>\n<p>Tijelo patrijarha danas je izlo\u017eeno u Sabornoj crkvi gdje \u0107e ostati do sahrane, koja \u0107e biti odr\u017eana u \u010detvrtak, 19. novembra. <\/p>\n","protected":false},"excerpt":{"rendered":"<p>Patrijarh srpski Pavle bi\u0107e sahranjen u porti manastira Rakovica, nedaleko od Beograda, odlu\u010dio je Sinod SPC, odlu;eno je nastanku Sinoda. Tijelo patrijarha danas je izlo\u017eeno u Sabornoj crkvi gdje \u0107e ostati do sahrane, koja \u0107e biti odr\u017eana u \u010detvrtak, 19. novembra.<\/p>\n","protected":false},"author":1,"featured_media":0,"comment_status":"open","ping_status":"closed","sticky":false,"template":"","format":"standard","meta":{"_seopress_robots_primary_cat":"","_seopress_titles_title":"","_seopress_titles_desc":"","_seopress_robots_index":"","_et_pb_use_builder":"","_et_pb_old_content":"","_et_gb_content_width":"","inline_featured_image":false,"footnotes":""},"categories":[14],"tags":[],"class_list":["post-32707","post","type-post","status-publish","format-standard","hentry","category-vijesti"],"_links":{"self":[{"href":"https:\/\/www.pcnen.com\/portal\/wp-json\/wp\/v2\/posts\/32707","targetHints":{"allow":["GET"]}}],"collection":[{"href":"https:\/\/www.pcnen.com\/portal\/wp-json\/wp\/v2\/posts"}],"about":[{"href":"https:\/\/www.pcnen.com\/portal\/wp-json\/wp\/v2\/types\/post"}],"author":[{"embeddable":true,"href":"https:\/\/www.pcnen.com\/portal\/wp-json\/wp\/v2\/users\/1"}],"replies":[{"embeddable":true,"href":"https:\/\/www.pcnen.com\/portal\/wp-json\/wp\/v2\/comments?post=32707"}],"version-history":[{"count":0,"href":"https:\/\/www.pcnen.com\/portal\/wp-json\/wp\/v2\/posts\/32707\/revisions"}],"wp:attachment":[{"href":"https:\/\/www.pcnen.com\/portal\/wp-json\/wp\/v2\/media?parent=32707"}],"wp:term":[{"taxonomy":"category","embeddable":true,"href":"https:\/\/www.pcnen.com\/portal\/wp-json\/wp\/v2\/categories?post=32707"},{"taxonomy":"post_tag","embeddable":true,"href":"https:\/\/www.pcnen.com\/portal\/wp-json\/wp\/v2\/tags?post=32707"}],"curies":[{"name":"wp","href":"https:\/\/api.w.org\/{rel}","templated":true}]}}