{"id":32704,"date":"2009-11-15T14:22:29","date_gmt":"2009-11-15T14:22:29","guid":{"rendered":"http:\/\/www.pcnen.com\/portal\/?p=32704"},"modified":"2009-11-15T14:22:29","modified_gmt":"2009-11-15T14:22:29","slug":"sinod-preuzima-ovlascenja-patrijarha","status":"publish","type":"post","link":"https:\/\/www.pcnen.com\/portal\/2009\/11\/15\/sinod-preuzima-ovlascenja-patrijarha\/","title":{"rendered":"Sinod preuzima ovla\u0161\u0107enja patrijarha"},"content":{"rendered":"<p>Ustav Srpske pravoslavne crkve predvidja da kada se &quot;patrijar&scaron;ijski presto uprazni&quot; svu vlast preuzima Arhijerejski sinod SPC, izjavio je danas vjerski analiti\u010dar \u017divica Tuci\u0107.<\/p>\n<p>On je agenciji <em>Beta<\/em> rekao da Sinod treba da obavijesti episkope, svje&scaron;tenstvo, narod i drzavnu vlast da se &quot;predstavio Bogu&quot; srpski patrijarh Pavle, nakon \u010dega se, kako je uobi\u010dajeno, progla&scaron;ava \u010detrdesetodnevna \u017ealost.<\/p>\n<p>&quot;Poslije pomjena koji se slu\u017ei na \u010detrdeseti dan, mo\u017ee da se izabere patrijarh. Taj izbor se mo\u017ee zakazati ve\u0107 ovih dana. Tako je uradila Ruska pravoslavna crkva, kada je objavila datum sahrane objavila je i datum izbora novog patrijarha&quot;, naveo je Tuci\u0107.<\/p>\n<p>On je dodao da bi sahrana patrijarja Pavla mogla da se odr\u017ei tek za nekoliko dana, po&scaron;to ima dosta posla u njenoj organizaciji, a o\u010dekuje se i da bi na opro&scaron;taj od poglavara SPC mogli da dodju vaseljenski i moskovski patrijarh. On smatra da bi dr\u017eava dan sahrane patrijarha Pavla trebalo da proglasi za dan \u017ealosti.<\/p>\n","protected":false},"excerpt":{"rendered":"<p>Ustav Srpske pravoslavne crkve predvidja da kada se &quot;patrijar&scaron;ijski presto uprazni&quot; svu vlast preuzima Arhijerejski sinod SPC, izjavio je danas vjerski analiti\u010dar \u017divica Tuci\u0107. On je agenciji Beta rekao da Sinod treba da obavijesti episkope, svje&scaron;tenstvo, narod i drzavnu vlast da se &quot;predstavio Bogu&quot; srpski patrijarh Pavle, nakon \u010dega se, kako je uobi\u010dajeno, progla&scaron;ava \u010detrdesetodnevna [&hellip;]<\/p>\n","protected":false},"author":1,"featured_media":0,"comment_status":"open","ping_status":"closed","sticky":false,"template":"","format":"standard","meta":{"_seopress_robots_primary_cat":"","_seopress_titles_title":"","_seopress_titles_desc":"","_seopress_robots_index":"","_et_pb_use_builder":"","_et_pb_old_content":"","_et_gb_content_width":"","inline_featured_image":false,"footnotes":""},"categories":[14],"tags":[],"class_list":["post-32704","post","type-post","status-publish","format-standard","hentry","category-vijesti"],"_links":{"self":[{"href":"https:\/\/www.pcnen.com\/portal\/wp-json\/wp\/v2\/posts\/32704","targetHints":{"allow":["GET"]}}],"collection":[{"href":"https:\/\/www.pcnen.com\/portal\/wp-json\/wp\/v2\/posts"}],"about":[{"href":"https:\/\/www.pcnen.com\/portal\/wp-json\/wp\/v2\/types\/post"}],"author":[{"embeddable":true,"href":"https:\/\/www.pcnen.com\/portal\/wp-json\/wp\/v2\/users\/1"}],"replies":[{"embeddable":true,"href":"https:\/\/www.pcnen.com\/portal\/wp-json\/wp\/v2\/comments?post=32704"}],"version-history":[{"count":0,"href":"https:\/\/www.pcnen.com\/portal\/wp-json\/wp\/v2\/posts\/32704\/revisions"}],"wp:attachment":[{"href":"https:\/\/www.pcnen.com\/portal\/wp-json\/wp\/v2\/media?parent=32704"}],"wp:term":[{"taxonomy":"category","embeddable":true,"href":"https:\/\/www.pcnen.com\/portal\/wp-json\/wp\/v2\/categories?post=32704"},{"taxonomy":"post_tag","embeddable":true,"href":"https:\/\/www.pcnen.com\/portal\/wp-json\/wp\/v2\/tags?post=32704"}],"curies":[{"name":"wp","href":"https:\/\/api.w.org\/{rel}","templated":true}]}}