{"id":32696,"date":"2009-11-14T19:17:22","date_gmt":"2009-11-14T19:17:22","guid":{"rendered":"http:\/\/www.pcnen.com\/portal\/?p=32696"},"modified":"2009-11-14T19:17:22","modified_gmt":"2009-11-14T19:17:22","slug":"italijanski-ljevicar-strajkuje-gladu","status":"publish","type":"post","link":"https:\/\/www.pcnen.com\/portal\/2009\/11\/14\/italijanski-ljevicar-strajkuje-gladu\/","title":{"rendered":"Italijanski ljevi\u010dar \u0161trajkuje gla\u0111u"},"content":{"rendered":"<p><a href=\"http:\/\/2.bp.blogspot.com\/_mWhRYa6LC0w\/Sqd5fw1Jc_I\/AAAAAAAAAQM\/RaJ58ggLYuo\/s1600-h\/battisti-cesare00.jpg\">\u0106ezare Batisti<\/a>, biv&scaron;i italijanski ljevi\u010dar progla&scaron;en krivim za \u010detiri ubistva i &scaron;est&nbsp; plja\u010dki, zapo\u010deo je &scaron;trajk gla\u0111u u brazilskom zatvoru u znak protesta zbog mogu\u0107e ekstradicije u Italiju, gdje se suo\u010dava sa smrtnom kaznom.<\/p>\n<p>Batisti (54) je pobjegao iz italijanskog zatvora 1981. godine i godinama je \u017eivio u Francuskoj, ali je pobjegao u Brazil nakon &scaron;to je Pariz odobrio njegovo izru\u010denje Italiji 2006. godine.<\/p>\n<p>Grupa \u0106ezarea Batistija bila je dio komunisti\u010dke oru\u017eane formacije <em>Crvene brigade<\/em>. <\/p>\n<p>Batisti je uvijek negirao da je po\u010dinio ubistva za koja ga terete. <\/p>\n<p>Predsjednik Francuske Fransoa Miteran krajem osamdesetih pru\u017eio je uto\u010di&scaron;te \u010dlanovima <em>Crvenih brigada<\/em>, obe\u0107avaju\u0107i im da ne\u0107e biti isporu\u010deni Italiji ako se odreknu terorizma i prestanu da se bave politikom u Francuskoj.<\/p>\n","protected":false},"excerpt":{"rendered":"<p>\u0106ezare Batisti, biv&scaron;i italijanski ljevi\u010dar progla&scaron;en krivim za \u010detiri ubistva i &scaron;est&nbsp; plja\u010dki, zapo\u010deo je &scaron;trajk gla\u0111u u brazilskom zatvoru u znak protesta zbog mogu\u0107e ekstradicije u Italiju, gdje se suo\u010dava sa smrtnom kaznom. Batisti (54) je pobjegao iz italijanskog zatvora 1981. godine i godinama je \u017eivio u Francuskoj, ali je pobjegao u Brazil nakon [&hellip;]<\/p>\n","protected":false},"author":1,"featured_media":0,"comment_status":"open","ping_status":"closed","sticky":false,"template":"","format":"standard","meta":{"_seopress_robots_primary_cat":"","_seopress_titles_title":"","_seopress_titles_desc":"","_seopress_robots_index":"","_et_pb_use_builder":"","_et_pb_old_content":"","_et_gb_content_width":"","inline_featured_image":false,"footnotes":""},"categories":[14],"tags":[],"class_list":["post-32696","post","type-post","status-publish","format-standard","hentry","category-vijesti"],"_links":{"self":[{"href":"https:\/\/www.pcnen.com\/portal\/wp-json\/wp\/v2\/posts\/32696","targetHints":{"allow":["GET"]}}],"collection":[{"href":"https:\/\/www.pcnen.com\/portal\/wp-json\/wp\/v2\/posts"}],"about":[{"href":"https:\/\/www.pcnen.com\/portal\/wp-json\/wp\/v2\/types\/post"}],"author":[{"embeddable":true,"href":"https:\/\/www.pcnen.com\/portal\/wp-json\/wp\/v2\/users\/1"}],"replies":[{"embeddable":true,"href":"https:\/\/www.pcnen.com\/portal\/wp-json\/wp\/v2\/comments?post=32696"}],"version-history":[{"count":0,"href":"https:\/\/www.pcnen.com\/portal\/wp-json\/wp\/v2\/posts\/32696\/revisions"}],"wp:attachment":[{"href":"https:\/\/www.pcnen.com\/portal\/wp-json\/wp\/v2\/media?parent=32696"}],"wp:term":[{"taxonomy":"category","embeddable":true,"href":"https:\/\/www.pcnen.com\/portal\/wp-json\/wp\/v2\/categories?post=32696"},{"taxonomy":"post_tag","embeddable":true,"href":"https:\/\/www.pcnen.com\/portal\/wp-json\/wp\/v2\/tags?post=32696"}],"curies":[{"name":"wp","href":"https:\/\/api.w.org\/{rel}","templated":true}]}}