{"id":32695,"date":"2009-11-14T18:49:16","date_gmt":"2009-11-14T18:49:16","guid":{"rendered":"http:\/\/www.pcnen.com\/portal\/?p=32695"},"modified":"2009-11-14T18:49:16","modified_gmt":"2009-11-14T18:49:16","slug":"mmf-uslovljava-zbog-prve-banke","status":"publish","type":"post","link":"https:\/\/www.pcnen.com\/portal\/2009\/11\/14\/mmf-uslovljava-zbog-prve-banke\/","title":{"rendered":"MMF uslovljava zbog Prve banke"},"content":{"rendered":"<p>Rije&scaron;ite problem Prve banke, jedan je od glavnih preduslova postavljenih Vladi da bi Crna Gora mogla zaklju\u010diti novi ara\u017eman sa Me\u0111unarodnim monetarnim fondom, objavio je dnevnik <em>Vijesti.<\/em><\/p>\n<p>&nbsp;<\/p>\n<p>Vlada, Centralna banka, kao i vlasnici Prve banke jo&scaron; nemaju kona\u010dno rje&scaron;enje u vezi zahtjeva MMF u pogledu te banke. Vlasnici banke odavno tra\u017ee strate&scaron;kog partnera na sve strana, ali za sada bezuspje&scaron;no, pi&scaron;e podgori\u010dki dnevnik.<\/p>\n<p>Vladi iz MMF-a su predlo\u017eili nekoliko rje&scaron;enja za Prvu banku, saznaju <em>Vijesti<\/em>.<\/p>\n<p>Prvo mogu\u0107e rje&scaron;enje je nova dokapitalizacija banke, koju bi obavili sada&scaron;nji vlasnici ili inostrani partneri. Druga varijanta je da dr\u017eava dokapitalizuje Prvu banku. Tre\u0107i predlo\u017eeni model je reorganizacija, tako &scaron;to bi se zdravi dio banke odvojio od lo&scaron;eg u posebnu organizacionu cjelinu. Ovo rje&scaron;enje tako\u0111e bi podrazumijevalo finansijsku podr&scaron;ku i ulazak novog kapitala u zdravi dio banke.<\/p>\n<p>Zbog lo&scaron;ih plasmana Prve banke u vrijeme postreferendumske euforije i investicionog buma u Crnoj Gori tokom 2006. i 2007, kada je veliki novac usmjeren firmama i ljudima bliskim vlasnicima, Prva banka je zapala u \u017eestoku krizu 2008., zbog \u010dega je krajem te godine, nakon dono&scaron;enja posebnog zakona u Skup&scaron;tini, sigurne propasti spasila dr\u017eava interventnom kreditnom podr&scaron;kom od 44 miliona eura, podsje\u0107aju <a href=\"http:\/\/www.vijesti.me\/index.php?id=321962\"><em>Vijesti<\/em>.<\/a> <\/p>\n<p>Izvr&scaron;ni direktor Prve banke Predrag Drecun je za televiziju Vijesti rekao ve\u010deras da se ta banka oporavlja i da ne predstavlja problem u bankarskom sistemu.<\/p>\n","protected":false},"excerpt":{"rendered":"<p>Rije&scaron;ite problem Prve banke, jedan je od glavnih preduslova postavljenih Vladi da bi Crna Gora mogla zaklju\u010diti novi ara\u017eman sa Me\u0111unarodnim monetarnim fondom, objavio je dnevnik Vijesti. &nbsp; Vlada, Centralna banka, kao i vlasnici Prve banke jo&scaron; nemaju kona\u010dno rje&scaron;enje u vezi zahtjeva MMF u pogledu te banke. Vlasnici banke odavno tra\u017ee strate&scaron;kog partnera na [&hellip;]<\/p>\n","protected":false},"author":1,"featured_media":0,"comment_status":"open","ping_status":"closed","sticky":false,"template":"","format":"standard","meta":{"_seopress_robots_primary_cat":"","_seopress_titles_title":"","_seopress_titles_desc":"","_seopress_robots_index":"","_et_pb_use_builder":"","_et_pb_old_content":"","_et_gb_content_width":"","inline_featured_image":false,"footnotes":""},"categories":[14],"tags":[],"class_list":["post-32695","post","type-post","status-publish","format-standard","hentry","category-vijesti"],"_links":{"self":[{"href":"https:\/\/www.pcnen.com\/portal\/wp-json\/wp\/v2\/posts\/32695","targetHints":{"allow":["GET"]}}],"collection":[{"href":"https:\/\/www.pcnen.com\/portal\/wp-json\/wp\/v2\/posts"}],"about":[{"href":"https:\/\/www.pcnen.com\/portal\/wp-json\/wp\/v2\/types\/post"}],"author":[{"embeddable":true,"href":"https:\/\/www.pcnen.com\/portal\/wp-json\/wp\/v2\/users\/1"}],"replies":[{"embeddable":true,"href":"https:\/\/www.pcnen.com\/portal\/wp-json\/wp\/v2\/comments?post=32695"}],"version-history":[{"count":0,"href":"https:\/\/www.pcnen.com\/portal\/wp-json\/wp\/v2\/posts\/32695\/revisions"}],"wp:attachment":[{"href":"https:\/\/www.pcnen.com\/portal\/wp-json\/wp\/v2\/media?parent=32695"}],"wp:term":[{"taxonomy":"category","embeddable":true,"href":"https:\/\/www.pcnen.com\/portal\/wp-json\/wp\/v2\/categories?post=32695"},{"taxonomy":"post_tag","embeddable":true,"href":"https:\/\/www.pcnen.com\/portal\/wp-json\/wp\/v2\/tags?post=32695"}],"curies":[{"name":"wp","href":"https:\/\/api.w.org\/{rel}","templated":true}]}}