{"id":32691,"date":"2009-11-14T15:28:55","date_gmt":"2009-11-14T15:28:55","guid":{"rendered":"http:\/\/www.pcnen.com\/portal\/?p=32691"},"modified":"2009-11-14T15:28:55","modified_gmt":"2009-11-14T15:28:55","slug":"rocen-o-konzulatima-srbije","status":"publish","type":"post","link":"https:\/\/www.pcnen.com\/portal\/2009\/11\/14\/rocen-o-konzulatima-srbije\/","title":{"rendered":"Ro\u0107en o konzulatima Srbije"},"content":{"rendered":"<p>Ministar inostranih poslova Milan Ro\u0107en izjavio je da iz Srbije nije stizao nikakav zahtjev da Srbija u Crnoj Gori otvori kulturne centre, prenosi <em>Beta<\/em>.<\/p>\n<p>Ro\u0107en je podgori\u010dkim <em>Vijestima<\/em> kazao da je Crna Gora dala saglasnost da Srbija, osim u ambasadi u Podgorici, otvori jo&scaron; jedan konzulat. &quot;&Scaron;to se ti\u010de kulturnih centara o tome zvani\u010dno ni&scaron;ta ne znam. Nema nikakve nove inicijative iz Srbije, o tome sam saznao iz medija&quot;, kazao je Ro\u0107en. <\/p>\n<p>&Scaron;ef diplomatije Srbije Vuk Jeremi\u0107 kazao je nedavno da Srbija i dalje insistira na tri konzulata u Crnoj Gori, a da \u0107e, ako Podgorica to ne odobri, onda tra\u017eiti da otvori srpske kulturne centre. <\/p>\n","protected":false},"excerpt":{"rendered":"<p>Ministar inostranih poslova Milan Ro\u0107en izjavio je da iz Srbije nije stizao nikakav zahtjev da Srbija u Crnoj Gori otvori kulturne centre, prenosi Beta. Ro\u0107en je podgori\u010dkim Vijestima kazao da je Crna Gora dala saglasnost da Srbija, osim u ambasadi u Podgorici, otvori jo&scaron; jedan konzulat. &quot;&Scaron;to se ti\u010de kulturnih centara o tome zvani\u010dno ni&scaron;ta [&hellip;]<\/p>\n","protected":false},"author":1,"featured_media":0,"comment_status":"open","ping_status":"closed","sticky":false,"template":"","format":"standard","meta":{"_seopress_robots_primary_cat":"","_seopress_titles_title":"","_seopress_titles_desc":"","_seopress_robots_index":"","_et_pb_use_builder":"","_et_pb_old_content":"","_et_gb_content_width":"","inline_featured_image":false,"footnotes":""},"categories":[14],"tags":[],"class_list":["post-32691","post","type-post","status-publish","format-standard","hentry","category-vijesti"],"_links":{"self":[{"href":"https:\/\/www.pcnen.com\/portal\/wp-json\/wp\/v2\/posts\/32691","targetHints":{"allow":["GET"]}}],"collection":[{"href":"https:\/\/www.pcnen.com\/portal\/wp-json\/wp\/v2\/posts"}],"about":[{"href":"https:\/\/www.pcnen.com\/portal\/wp-json\/wp\/v2\/types\/post"}],"author":[{"embeddable":true,"href":"https:\/\/www.pcnen.com\/portal\/wp-json\/wp\/v2\/users\/1"}],"replies":[{"embeddable":true,"href":"https:\/\/www.pcnen.com\/portal\/wp-json\/wp\/v2\/comments?post=32691"}],"version-history":[{"count":0,"href":"https:\/\/www.pcnen.com\/portal\/wp-json\/wp\/v2\/posts\/32691\/revisions"}],"wp:attachment":[{"href":"https:\/\/www.pcnen.com\/portal\/wp-json\/wp\/v2\/media?parent=32691"}],"wp:term":[{"taxonomy":"category","embeddable":true,"href":"https:\/\/www.pcnen.com\/portal\/wp-json\/wp\/v2\/categories?post=32691"},{"taxonomy":"post_tag","embeddable":true,"href":"https:\/\/www.pcnen.com\/portal\/wp-json\/wp\/v2\/tags?post=32691"}],"curies":[{"name":"wp","href":"https:\/\/api.w.org\/{rel}","templated":true}]}}