{"id":32682,"date":"2009-11-13T22:51:22","date_gmt":"2009-11-13T22:51:22","guid":{"rendered":"http:\/\/www.pcnen.com\/portal\/?p=32682"},"modified":"2009-11-13T22:51:22","modified_gmt":"2009-11-13T22:51:22","slug":"vukcevic-zapadni-balkan-je-stjeciste-ratnih-profitera","status":"publish","type":"post","link":"https:\/\/www.pcnen.com\/portal\/2009\/11\/13\/vukcevic-zapadni-balkan-je-stjeciste-ratnih-profitera\/","title":{"rendered":"Vuk\u010devi\u0107: Zapadni Balkan je stjeci\u0161te ratnih profitera"},"content":{"rendered":"<p>Srpski tu\u017eilac za ratne zlo\u010dine Vladimir Vuk\u010devi\u0107 je rekao da se nijedan ratni zlo\u010din, koji je do sada imao priliku procesuirati, nije odvijao bez plja\u010dke. <\/p>\n<p>On je naglasio da su ratni zlo\u010din i organizirani kriminal dva lica iste nakaze. Prema njegovim rije\u010dima, nakon analize predmeta u srpskom pravosu\u0111u, ali i na Ha&scaron;kom tribunalu, vidi se jasno ocrtana matrica uzajamnog pro\u017eimanja ratnih zlo\u010dina i transnacionalnog organizovanog kriminala, prenosi portal <em>H-alter<\/em>. <\/p>\n<p>&quot;Zapadni Balkan je stjeci&scaron;te ratnih profitera, ljudi koji su trgovali oru\u017ejem, narkoticima, i drugim kurentnim proizvodima i na tom bogatstvu gradili objekte trajne vrijednosti, a ru&scaron;ili crkve i d\u017eamije, pri tom uni&scaron;tavaju\u0107i najve\u0107u svetinju, ljudski \u017eivot&quot;, rekao je Vuk\u010devi\u0107 na me\u0111unarodnom samitu o borbi protiv transnacionalnog kriminala u Parizu. <\/p>\n<p>&quot;Isti ljudi stalno se javljaju i iste grupe stalno se preklapaju. Jedva da ima ratnog zlo\u010dina bez plja\u010dke. Jedva da ima pojedinca iz transnacionalnog organiziranog kriminalnog miljea koji nije u nekoj vezi s ratnim zlo\u010dinima&quot;, rekao je Vuk\u010devi\u0107. <\/p>\n","protected":false},"excerpt":{"rendered":"<p>Srpski tu\u017eilac za ratne zlo\u010dine Vladimir Vuk\u010devi\u0107 je rekao da se nijedan ratni zlo\u010din, koji je do sada imao priliku procesuirati, nije odvijao bez plja\u010dke. On je naglasio da su ratni zlo\u010din i organizirani kriminal dva lica iste nakaze. Prema njegovim rije\u010dima, nakon analize predmeta u srpskom pravosu\u0111u, ali i na Ha&scaron;kom tribunalu, vidi se [&hellip;]<\/p>\n","protected":false},"author":1,"featured_media":0,"comment_status":"open","ping_status":"closed","sticky":false,"template":"","format":"standard","meta":{"_seopress_robots_primary_cat":"","_seopress_titles_title":"","_seopress_titles_desc":"","_seopress_robots_index":"","_et_pb_use_builder":"","_et_pb_old_content":"","_et_gb_content_width":"","inline_featured_image":false,"footnotes":""},"categories":[14],"tags":[],"class_list":["post-32682","post","type-post","status-publish","format-standard","hentry","category-vijesti"],"_links":{"self":[{"href":"https:\/\/www.pcnen.com\/portal\/wp-json\/wp\/v2\/posts\/32682","targetHints":{"allow":["GET"]}}],"collection":[{"href":"https:\/\/www.pcnen.com\/portal\/wp-json\/wp\/v2\/posts"}],"about":[{"href":"https:\/\/www.pcnen.com\/portal\/wp-json\/wp\/v2\/types\/post"}],"author":[{"embeddable":true,"href":"https:\/\/www.pcnen.com\/portal\/wp-json\/wp\/v2\/users\/1"}],"replies":[{"embeddable":true,"href":"https:\/\/www.pcnen.com\/portal\/wp-json\/wp\/v2\/comments?post=32682"}],"version-history":[{"count":0,"href":"https:\/\/www.pcnen.com\/portal\/wp-json\/wp\/v2\/posts\/32682\/revisions"}],"wp:attachment":[{"href":"https:\/\/www.pcnen.com\/portal\/wp-json\/wp\/v2\/media?parent=32682"}],"wp:term":[{"taxonomy":"category","embeddable":true,"href":"https:\/\/www.pcnen.com\/portal\/wp-json\/wp\/v2\/categories?post=32682"},{"taxonomy":"post_tag","embeddable":true,"href":"https:\/\/www.pcnen.com\/portal\/wp-json\/wp\/v2\/tags?post=32682"}],"curies":[{"name":"wp","href":"https:\/\/api.w.org\/{rel}","templated":true}]}}