{"id":32678,"date":"2009-11-13T18:34:40","date_gmt":"2009-11-13T18:34:40","guid":{"rendered":"http:\/\/www.pcnen.com\/portal\/?p=32678"},"modified":"2009-11-13T18:34:40","modified_gmt":"2009-11-13T18:34:40","slug":"iz-ftv-se-ruga-i-vrijeda-muslimane","status":"publish","type":"post","link":"https:\/\/www.pcnen.com\/portal\/2009\/11\/13\/iz-ftv-se-ruga-i-vrijeda-muslimane\/","title":{"rendered":"IZ: FTV se ruga i vrije\u0111a muslimane"},"content":{"rendered":"<p>Islamska zajednica u Bosni i Hercegovini uputila je danas muslimanima poruku da nezadovoljstvo i protest protiv kr&scaron;enja svojih ljudskih i vjerskih prava, koja su zajem\u010dena zakonima, i protiv vrije\u0111anja njihovih duhovnih vrijednosti iskazuju onako kako je to zakonom predvi\u0111eno.<\/p>\n<p>&quot;Jedan od puteva je da negodovanje iska\u017eu svojim predstavnicima u parlamentu, jer oni koji su na izborima tra\u017eili podr&scaron;ku muslimana i obe\u0107avali da \u0107e &scaron;tititi i njihove interese neka ispune svoja obe\u0107anja&quot;, navedeno je u poruci Islamske zajednice &quot;u povodu brojnih poziva i zahtjeva muslimana iz cijele BiH u kojima oni, kako se navodi u saop&scaron;tenju IZ, izra\u017eavaju ogor\u010denost i uznemirenost nezapam\u0107enom javnom medijskom kampanjom Federalne televizije usmjerenom na kriminaliziranje Islamske zajednice, njeno brutalno u&scaron;utkivanje, udar na slobodu i \u010dast muslimana te na progon islamskih autoriteta&quot;.<\/p>\n<p>Razumijevaju\u0107i negodovanje muslimana, Islamska zajednica &quot;podsje\u0107a&quot; da je Parlament FBiH &quot;osniva\u010d najglasnijeg medijskog eksponenta kompromitacije islamskih institucija, Federalne televizije, javnog servisa, \u010diji upravni odbor postavlja parlament i \u010diji rad, me\u0111u ostalim, kroz pretplatu pla\u0107aju i muslimani&quot;, prenosi agencija <em><a href=\"http:\/\/www.pincom.info\/index.php?p=opsirnije&amp;s=71634\">Fena<\/a><\/em>. <\/p>\n","protected":false},"excerpt":{"rendered":"<p>Islamska zajednica u Bosni i Hercegovini uputila je danas muslimanima poruku da nezadovoljstvo i protest protiv kr&scaron;enja svojih ljudskih i vjerskih prava, koja su zajem\u010dena zakonima, i protiv vrije\u0111anja njihovih duhovnih vrijednosti iskazuju onako kako je to zakonom predvi\u0111eno. &quot;Jedan od puteva je da negodovanje iska\u017eu svojim predstavnicima u parlamentu, jer oni koji su na [&hellip;]<\/p>\n","protected":false},"author":1,"featured_media":0,"comment_status":"open","ping_status":"closed","sticky":false,"template":"","format":"standard","meta":{"_seopress_robots_primary_cat":"","_seopress_titles_title":"","_seopress_titles_desc":"","_seopress_robots_index":"","_et_pb_use_builder":"","_et_pb_old_content":"","_et_gb_content_width":"","inline_featured_image":false,"footnotes":""},"categories":[14],"tags":[],"class_list":["post-32678","post","type-post","status-publish","format-standard","hentry","category-vijesti"],"_links":{"self":[{"href":"https:\/\/www.pcnen.com\/portal\/wp-json\/wp\/v2\/posts\/32678","targetHints":{"allow":["GET"]}}],"collection":[{"href":"https:\/\/www.pcnen.com\/portal\/wp-json\/wp\/v2\/posts"}],"about":[{"href":"https:\/\/www.pcnen.com\/portal\/wp-json\/wp\/v2\/types\/post"}],"author":[{"embeddable":true,"href":"https:\/\/www.pcnen.com\/portal\/wp-json\/wp\/v2\/users\/1"}],"replies":[{"embeddable":true,"href":"https:\/\/www.pcnen.com\/portal\/wp-json\/wp\/v2\/comments?post=32678"}],"version-history":[{"count":0,"href":"https:\/\/www.pcnen.com\/portal\/wp-json\/wp\/v2\/posts\/32678\/revisions"}],"wp:attachment":[{"href":"https:\/\/www.pcnen.com\/portal\/wp-json\/wp\/v2\/media?parent=32678"}],"wp:term":[{"taxonomy":"category","embeddable":true,"href":"https:\/\/www.pcnen.com\/portal\/wp-json\/wp\/v2\/categories?post=32678"},{"taxonomy":"post_tag","embeddable":true,"href":"https:\/\/www.pcnen.com\/portal\/wp-json\/wp\/v2\/tags?post=32678"}],"curies":[{"name":"wp","href":"https:\/\/api.w.org\/{rel}","templated":true}]}}