{"id":32677,"date":"2009-11-13T18:20:39","date_gmt":"2009-11-13T18:20:39","guid":{"rendered":"http:\/\/www.pcnen.com\/portal\/?p=32677"},"modified":"2009-11-13T18:20:39","modified_gmt":"2009-11-13T18:20:39","slug":"na-kosovo-samo-sa-pasosem","status":"publish","type":"post","link":"https:\/\/www.pcnen.com\/portal\/2009\/11\/13\/na-kosovo-samo-sa-pasosem\/","title":{"rendered":"Na Kosovo samo sa paso\u0161em"},"content":{"rendered":"<p>Kosovska policija od ju\u010de, 12. novembra, o\u010dekuje da gra\u0111ani Crne Gore i Srbije imaju paso&scaron; kako bi u&scaron;li na Kosovo.<\/p>\n<p>Portparol Kosovske policijske slu\u017ebe Brahim Sadriu je za <em>B92<\/em> rekao da dr\u017eavljani Srbije vi&scaron;e ne mogu da u\u0111u na Kosovo samo sa li\u010dnom kartom, jer kosovske vlasti tra\u017ee da se po&scaron;tuje zakon o strancima donijet prije nekoliko mjeseci. Poseban karton, koji gra\u0111ani Srbije dobijaju na granici va\u017ei kao viza, objasnio je Sadriu. <\/p>\n<p>Brahim Sadriu je rekao da se do usvajanja Zakona o strancima na Kosovu postupalo prema Uredbi UNMIK-a prema kojoj su dr\u017eavljani Srbije i Crne Gore mogli da ulaze na Kosovo sa li\u010dnom kartom ili jednim od dokumenta identifikacije, ali usvojeni Zakon o strancima zahtijeva da svaki strani dr\u017eavljanin koji ulazi na teritoriju Kosova mora da ima va\u017ee\u0107i paso&scaron;. <\/p>\n<p>Dr\u017eavljani Srbije, zbog postoje\u0107ih porodi\u010dnih veza, mogu da ulaze na teritoriju Kosova, ali \u0107e morati da se registruju i dobi\u0107e karton sa kojim \u0107e mo\u0107i da borave 90 dana na Kosovu, rekao je on. <\/p>\n<p><em>B92<\/em> javlja da je danas, na administartivnom prelazu Mu\u010dibabe, kolona automobila, uglavnom stanovnika Pre&scaron;eva, \u010dekala satima kako bi u&scaron;li na teritoriju Kosova.<\/p>\n","protected":false},"excerpt":{"rendered":"<p>Kosovska policija od ju\u010de, 12. novembra, o\u010dekuje da gra\u0111ani Crne Gore i Srbije imaju paso&scaron; kako bi u&scaron;li na Kosovo. Portparol Kosovske policijske slu\u017ebe Brahim Sadriu je za B92 rekao da dr\u017eavljani Srbije vi&scaron;e ne mogu da u\u0111u na Kosovo samo sa li\u010dnom kartom, jer kosovske vlasti tra\u017ee da se po&scaron;tuje zakon o strancima donijet [&hellip;]<\/p>\n","protected":false},"author":1,"featured_media":0,"comment_status":"open","ping_status":"closed","sticky":false,"template":"","format":"standard","meta":{"_seopress_robots_primary_cat":"","_seopress_titles_title":"","_seopress_titles_desc":"","_seopress_robots_index":"","_et_pb_use_builder":"","_et_pb_old_content":"","_et_gb_content_width":"","inline_featured_image":false,"footnotes":""},"categories":[14],"tags":[],"class_list":["post-32677","post","type-post","status-publish","format-standard","hentry","category-vijesti"],"_links":{"self":[{"href":"https:\/\/www.pcnen.com\/portal\/wp-json\/wp\/v2\/posts\/32677","targetHints":{"allow":["GET"]}}],"collection":[{"href":"https:\/\/www.pcnen.com\/portal\/wp-json\/wp\/v2\/posts"}],"about":[{"href":"https:\/\/www.pcnen.com\/portal\/wp-json\/wp\/v2\/types\/post"}],"author":[{"embeddable":true,"href":"https:\/\/www.pcnen.com\/portal\/wp-json\/wp\/v2\/users\/1"}],"replies":[{"embeddable":true,"href":"https:\/\/www.pcnen.com\/portal\/wp-json\/wp\/v2\/comments?post=32677"}],"version-history":[{"count":0,"href":"https:\/\/www.pcnen.com\/portal\/wp-json\/wp\/v2\/posts\/32677\/revisions"}],"wp:attachment":[{"href":"https:\/\/www.pcnen.com\/portal\/wp-json\/wp\/v2\/media?parent=32677"}],"wp:term":[{"taxonomy":"category","embeddable":true,"href":"https:\/\/www.pcnen.com\/portal\/wp-json\/wp\/v2\/categories?post=32677"},{"taxonomy":"post_tag","embeddable":true,"href":"https:\/\/www.pcnen.com\/portal\/wp-json\/wp\/v2\/tags?post=32677"}],"curies":[{"name":"wp","href":"https:\/\/api.w.org\/{rel}","templated":true}]}}