{"id":32676,"date":"2009-11-13T17:12:47","date_gmt":"2009-11-13T17:12:47","guid":{"rendered":"http:\/\/www.pcnen.com\/portal\/?p=32676"},"modified":"2009-11-13T17:12:47","modified_gmt":"2009-11-13T17:12:47","slug":"krivicne-prijave-protiv-uhapsenih-u-akciji-lasta","status":"publish","type":"post","link":"https:\/\/www.pcnen.com\/portal\/2009\/11\/13\/krivicne-prijave-protiv-uhapsenih-u-akciji-lasta\/","title":{"rendered":"Krivi\u010dne prijave protiv uhap\u0161enih u akciji &#8216;Lasta&#8217;"},"content":{"rendered":"<p>Uprava policije Crne Gore je <a href=\"http:\/\/www.upravapolicije.com\/uprava_policije_policijska-operacija-lasta--u-srbiji-i-crnoj-gori-liseno-slobode-14-lica;-osumnjiceni-uhapseni-na-crnogorskoj-teritoriji-sjutra-pred-istraznim-sudijom-specijalnog-odjeljenja-u-visem-sudu-u-bijelom-polju_3665.html\">potvrdila <\/a>hap&scaron;enje osam osoba iz Crne Gore u akciji <em>Lasta<\/em>, izvedenoj u saradnji sa policijom Srbije, i najavila da \u0107e sjutra protiv njih biti podnesene krivi\u010dne prijave.<\/p>\n<p>Oni su osumnji\u010deni da su \u010dlanovi kriminalne grupe koja je na organizovan na\u010din krala motorna vozila u Srbiji i distribuirala ih u Crnu Goru.<\/p>\n","protected":false},"excerpt":{"rendered":"<p>Uprava policije Crne Gore je potvrdila hap&scaron;enje osam osoba iz Crne Gore u akciji Lasta, izvedenoj u saradnji sa policijom Srbije, i najavila da \u0107e sjutra protiv njih biti podnesene krivi\u010dne prijave. Oni su osumnji\u010deni da su \u010dlanovi kriminalne grupe koja je na organizovan na\u010din krala motorna vozila u Srbiji i distribuirala ih u Crnu [&hellip;]<\/p>\n","protected":false},"author":1,"featured_media":0,"comment_status":"open","ping_status":"closed","sticky":false,"template":"","format":"standard","meta":{"_seopress_robots_primary_cat":"","_seopress_titles_title":"","_seopress_titles_desc":"","_seopress_robots_index":"","_et_pb_use_builder":"","_et_pb_old_content":"","_et_gb_content_width":"","inline_featured_image":false,"footnotes":""},"categories":[14],"tags":[],"class_list":["post-32676","post","type-post","status-publish","format-standard","hentry","category-vijesti"],"_links":{"self":[{"href":"https:\/\/www.pcnen.com\/portal\/wp-json\/wp\/v2\/posts\/32676","targetHints":{"allow":["GET"]}}],"collection":[{"href":"https:\/\/www.pcnen.com\/portal\/wp-json\/wp\/v2\/posts"}],"about":[{"href":"https:\/\/www.pcnen.com\/portal\/wp-json\/wp\/v2\/types\/post"}],"author":[{"embeddable":true,"href":"https:\/\/www.pcnen.com\/portal\/wp-json\/wp\/v2\/users\/1"}],"replies":[{"embeddable":true,"href":"https:\/\/www.pcnen.com\/portal\/wp-json\/wp\/v2\/comments?post=32676"}],"version-history":[{"count":0,"href":"https:\/\/www.pcnen.com\/portal\/wp-json\/wp\/v2\/posts\/32676\/revisions"}],"wp:attachment":[{"href":"https:\/\/www.pcnen.com\/portal\/wp-json\/wp\/v2\/media?parent=32676"}],"wp:term":[{"taxonomy":"category","embeddable":true,"href":"https:\/\/www.pcnen.com\/portal\/wp-json\/wp\/v2\/categories?post=32676"},{"taxonomy":"post_tag","embeddable":true,"href":"https:\/\/www.pcnen.com\/portal\/wp-json\/wp\/v2\/tags?post=32676"}],"curies":[{"name":"wp","href":"https:\/\/api.w.org\/{rel}","templated":true}]}}