{"id":326711,"date":"2021-08-31T14:46:29","date_gmt":"2021-08-31T12:46:29","guid":{"rendered":"https:\/\/www.pcnen.com\/portal\/?p=326711"},"modified":"2021-08-31T14:46:29","modified_gmt":"2021-08-31T12:46:29","slug":"jusovaca-ima-proslost-buducnost-joj-neizvjesna","status":"publish","type":"post","link":"https:\/\/www.pcnen.com\/portal\/2021\/08\/31\/jusovaca-ima-proslost-buducnost-joj-neizvjesna\/","title":{"rendered":"&#8216;Jusova\u010da&#8217; ima pro\u0161lost, budu\u0107nost joj neizvjesna"},"content":{"rendered":"<p>Skoro godinu dana nakon potpisivanja ugovora izme\u0111u biv\u0161eg Ministarstva kulture, Glavnog grada i Uprave javnih radova o sanaciji, prenamjeni i rekonstrukciji nekada\u0161njeg podgori\u010dkog zatvora, poznatog kao &#8216;Jusova\u010da&#8217;, i dalje nije poznato kada \u0107e po\u010deti radovi na tom kapitalnom projektu.<\/p>\n<p>Nova Vlada nije opredijelila ni pribli\u017eno dovoljno novca za tu namjenu, a iz gradske uprave poru\u010duju da su spremni da ispune svoje obaveze preuzete ugovorom.<\/p>\n<p>Asocijacija za demokratski prosperitet ZID, koja je prije 20. godina pokrenula pri\u010du o rekonstrukciji \u2018Jusova\u010de\u2019 u nezavisni kulturni centar, nije uklju\u010dena u projekat zvani\u010dno nazvanog \u201cIzvo\u0111enje radova u okviru kompleksa Tamnice Jusova\u010da u cilju uspostavljanja Kreativnog haba za razvoj ICT-a\u201d.<\/p>\n<blockquote><p>\u201cImaju\u0107i u vidu objektivne razloge koji uti\u010du na samu dinamiku realizacije projekta, me\u0111u kojima su usvajanje bud\u017eeta, kao i zakonom propisani postupci javnih nabavki, u ovom trenutku nije mogu\u0107e predvidjeti precizan datum po\u010detka realizacije radova na revitalizaciji dijela kompleksa tamnice &#8216;Jusova\u010da&#8217;. Ugovorne strane \u0107e definisane obaveze, po stvaranju uslova za njihovo sprovo\u0111enje, realizovati u najskorijem roku\u201c, re\u010deno nam je iz Ministarstva prosvjete, nauke, kulture i sporta (MPNKS).<\/p><\/blockquote>\n<p>Za sada je poznat na\u010din finansiranja projekta, koji bi, prema ugovoru potpisanom 9.10.2020. godine, trebao biti zavr\u0161en do kraja 2022. godine.<\/p>\n<blockquote><p>\u201cProcijenjena vrijednost radova na Jusova\u010di je 1.950.000 eura, od \u010dega se iz Kapitalnog bud\u017eeta obezbje\u0111uje 65%, odnosno 1.267.500 eura, a ostatak Glavni grad Podgorica. Kapitalnim bud\u017eetom za 2021. godinu za realizaciju projekta planirana su sredstva u iznosu od 20.300 eura. U skladu sa zaklju\u010denim ugovorom realizacija projekta planirana je za period 2020-2022\u201c, kazali su iz MPNKS-a.<\/p><\/blockquote>\n<p>U Glavnom gradu ka\u017eu da sa resornim ministarstvom nijesu uspjeli da ostvare komunikaciju u vezi projekta rekonstrukcije \u2018Jusova\u010de\u2019. Kako sada stvari stoje, smatraju da \u0107e \u2018Jusova\u010da\u2019 samo nastaviti da propada.<\/p>\n<blockquote><p>\u201cMinistarstvu prosvjete, nauke, kulture i sporta uputili smo dopis 31.05.2021. godine, koji sadr\u017ei detaljne informacije u vezi sa projektom, te ih podsjetili na ugovorene finansijske obaveze. Nijesmo dobili odgovor, pa samim tim nije ni ostvarena dalja komunikacija. Vlada je, o\u010digledno, zanemarila \u010dinjenicu da \u2018Jusova\u010da\u2019 predstavlja arhitektonski spomenik jednog vremena, a istih je na\u017ealost ostalo veoma malo na teritoriji Glavnog grada. Glavni grad je, kako bi sa\u010duvao ovaj objekat, predvidio 82.500 eura i u potpunosti je spreman da ispuni svoje obaveze preuzete pomenutim ugovorom. Za rekonstrukciju objekata za potrebe uspostavljanja \u2018Creative Hubs\u2019, Vlada je opredijelila svega 20.300 eura, pa je realan strah da \u0107e, usljed takvog odnosa aktuelne Vlade, ovaj i mnogi drugi objekti biti prepu\u0161teni devastaciji i zaboravu\u201d, kazali su iz PG biroa za PCNEN.<\/p><\/blockquote>\n<p>Rekonstrukcijom \u2018Jusova\u010de\u2019 u \u2018Kreativni hab\u2019 predvi\u0111ena je izgradnja prostora za grupni i individualni rad, organizaciju doga\u0111aja, radionica, seminara, ugostiteljski objekti i sl. Ciljna grupa posjetilaca su turisti i publika, kao i svi koji su neposredno vezani za proizvodnju kulturnih i kreativnih sadr\u017eaja. Zamisao je da projekat u izradi studija Sintezis pove\u017ee umjetnost i sa ICT-em (Information and Communications Technologies) i preduzetni\u0161tvom.<\/p>\n<p><img loading=\"lazy\" decoding=\"async\" class=\" wp-image-286049 aligncenter\" src=\"https:\/\/www.pcnen.com\/portal\/wp-content\/uploads\/2020\/03\/jusovaca-1-300x223.jpg\" alt=\"\" width=\"640\" height=\"475\" srcset=\"https:\/\/www.pcnen.com\/portal\/wp-content\/uploads\/2020\/03\/jusovaca-1-300x223.jpg 300w, https:\/\/www.pcnen.com\/portal\/wp-content\/uploads\/2020\/03\/jusovaca-1-580x430.jpg 580w, https:\/\/www.pcnen.com\/portal\/wp-content\/uploads\/2020\/03\/jusovaca-1.jpg 640w\" sizes=\"(max-width: 640px) 100vw, 640px\" \/><\/p>\n<p>Predlog \u00a0Asocijacije za demokratski prosperitet \u00a0ZID o rekonstrukciji \u2018Jusova\u010de\u2019 u nezavisni kulturni centar prije 20. godina nije podr\u017eao tada\u0161nji gradona\u010delnik Miomir Mugo\u0161a. Direktor ZID-a Igor Milo\u0161evi\u0107 ne vjeruje u realizaciju nove ideje o adaptaciji \u2018Jusova\u010de\u2019 zbog \u201cproblemati\u010dnog \u00a0koncepta upravljanja tim objektom\u201c.<\/p>\n<blockquote><p>\u00a0\u201cProstor je jedna stvar, a ne\u0161to sasvim drugo je organizacija programa, kome je to namijenjeno, kome i \u010demu to slu\u017ei, koga podr\u017eavate kroz taj program, itd. To je problem kod svakog koncepta gdje se udru\u017ee dvije institucije da ne\u0161to tako naprave. Planiranje iz kabineta bez konsultovanja sa lokalnom zajednicom je smije\u0161no. Osim jednog davnog sastanka u Ministarstvu kulture, niko nas vi\u0161e nije zvao u vezi &#8216;Jusova\u010de&#8217;. To tako ne funcioni\u0161e ni\u0111e u svijetu. Mislim da ovako ne\u0107e napredovati. Na\u0161a inicijativa i dalje postoji, i to se zna\u201c, ka\u017ee Milo\u0161evi\u0107 za PCNEN.<\/p><\/blockquote>\n<p>Teoreti\u010darka i istori\u010darka umjetnosti <strong>Ma\u0161a Vlaovi\u0107<\/strong> smatra da aktuelne teme vezane za novo oblikovanje grada doprinose razbijanju stereotipnih pristupa, primjenjuju\u0107i nova na\u010dela mi\u0161ljenja i vi\u0111enja.<\/p>\n<blockquote><p>\u201cKonkretno, u ovom slu\u010daju, jedan objekat sa negativnom konotacijom dovodi se u novi kontekst i daje mu se novo zna\u010denje. Projektom preoblikovanja \u2018Jusova\u010de\u2019 stvorio bi se moderan i savremen prostor u kojem bi umjetnici razli\u010ditih profila mogli anga\u017eovano da djeluju. I \u0161to je posebno va\u017eno ista\u0107i, prostor u kojem se nekada odvijala \u010ditava serija negativnih doga\u0111aja, postao bi mjesto za anga\u017eovano razmi\u0161ljanje, okupljanje i razmjenu naprednih ideja\u201d, ka\u017ee Vlaovi\u0107.<\/p><\/blockquote>\n<p>Umjetnici podr\u017eavaju rekonstrukciju i novu namjenu &#8216;Jusova\u010de&#8217;, ali se pitaju do kada \u0107e se odga\u0111ati realizacija projekta.<\/p>\n<blockquote><p>\u201cS obzirom na istorijski kontekst i vi\u0161edecenijsku zapu\u0161tenost prostora, \u00a0bilo bi sjajno da to postane mjesto za umjetni\u010dke anga\u017emane. \u00a0\u2018Jusova\u010da\u2019 je jedan od prepoznatljivih simbola Podgorice koji bi na pravi, mo\u017eda i jedini, na\u010din bio revitalizovan raznim kreativnih projektima kao suprotnost onom \u010demu je slu\u017eio\u201d, ka\u017ee slikarka i gra\u0111anska aktivistkinja <strong>Ivana Stani\u0107.<\/strong><\/p>\n<p><img loading=\"lazy\" decoding=\"async\" class=\"wp-image-285946 aligncenter\" src=\"https:\/\/www.pcnen.com\/portal\/wp-content\/uploads\/2020\/03\/Jusovaca-ulaz-300x252.jpg\" alt=\"\" width=\"608\" height=\"511\" srcset=\"https:\/\/www.pcnen.com\/portal\/wp-content\/uploads\/2020\/03\/Jusovaca-ulaz-300x252.jpg 300w, https:\/\/www.pcnen.com\/portal\/wp-content\/uploads\/2020\/03\/Jusovaca-ulaz-580x486.jpg 580w, https:\/\/www.pcnen.com\/portal\/wp-content\/uploads\/2020\/03\/Jusovaca-ulaz.jpg 700w\" sizes=\"(max-width: 608px) 100vw, 608px\" \/><\/p><\/blockquote>\n<p>Samostalni umjetnik <strong>Goran Nik\u010devi\u0107 (Br\u010dko)<\/strong> prisje\u0107a se svoje TV emisije na istu temu prije 20. godina.<\/p>\n<blockquote><p>\u201cPri\u010da se odugovla\u010di, ka&#8217; sve kod nas&#8230; Trebalo bi \u010do'eku tri \u017eivota da ima da do\u017eivi kvalitativne promjene u bilo \u010demu, a u kulturi mo\u017eda i vje\u010dnost \u010ditavu! Kod nas postoji sistem antikulturalnog klju\u010da, po kojem se kultura \u2018njeguje\u2019 zbog opona\u0161anja promjena, a ne su\u0161tinskog odgoja umjetnika koji proizvode de\u0161avanja direktno zaslu\u017ena za razvoj kulture\u201d, ka\u017ee Nik\u010devi\u0107.<\/p><\/blockquote>\n<p>\u2018Jusova\u010da\u2019 poti\u010de iz sredine 19. vijeka vijeka, kada je bila zatvor, a tu namjenu je zadr\u017eala sve do 1945. godine. Stariji Podgori\u010dani i dalje je pamte kao ozlogla\u0161eni kazamat iz koga su se \u010desto mogli \u010duti krici zatvorenika.<\/p>\n<p>Iako je zakonom za\u0161ti\u0107ena od 1979. godine i ima status kulturnog dobra i, \u2018Jusova\u010da\u2019 je decenijama potpuno zapu\u0161tena. Do prije nekoliko godina slu\u017eila je kao preno\u0107i\u0161te skitnicama i besku\u0107nicima. O\u010duvane su jedino visoke zidine sa stra\u017earskim kulama, dok je unutra\u0161njost potpuno zarasla u \u0161iblje i korov. Krovna konstrukcija je propala i prijeti joj uru\u0161avanja.<\/p>\n<p>Na &#8216;Jusova\u010di&#8217; ne postoji nikakva oznaka da je to kulturno dobro, ali ima nekoliko \u201cmalih oglasa\u201d. S obzirom na to da se nalazi u naselju Dra\u010d, u blizini glavne autobuske i \u017eeljezni\u010dke stanice, to oronulo zdanje je prvo \u0161to vide oni koji dolaze u glavni grad Crne Gore.<\/p>\n<p>Ideja o nezavisnom kulturnom centru u Podgorici, koji bi pokrenula kriti\u010dna masa umjetnika, i dalje ostaje samo ideja, a do realizacije put je dug, sve du\u017ei\u2026 Ko zna za\u0161to je to dobro.<\/p>\n<p><strong>Irena \u010cEJOVI\u0106<\/strong><\/p>\n<p>&nbsp;<\/p>\n","protected":false},"excerpt":{"rendered":"<p>Dugo se priprema pretvaranje nekada\u0161njeg podgori\u010dkog kazamata u nezavisni kulturni centar (Foto: Projekat budu\u0107eg kulturnog centra)<\/p>\n","protected":false},"author":1,"featured_media":326712,"comment_status":"open","ping_status":"closed","sticky":false,"template":"","format":"standard","meta":{"_seopress_robots_primary_cat":"","_seopress_titles_title":"","_seopress_titles_desc":"","_seopress_robots_index":"","_et_pb_use_builder":"","_et_pb_old_content":"","_et_gb_content_width":"","inline_featured_image":false,"footnotes":""},"categories":[546,12],"tags":[],"class_list":["post-326711","post","type-post","status-publish","format-standard","has-post-thumbnail","hentry","category-feature","category-prica-dana"],"_links":{"self":[{"href":"https:\/\/www.pcnen.com\/portal\/wp-json\/wp\/v2\/posts\/326711","targetHints":{"allow":["GET"]}}],"collection":[{"href":"https:\/\/www.pcnen.com\/portal\/wp-json\/wp\/v2\/posts"}],"about":[{"href":"https:\/\/www.pcnen.com\/portal\/wp-json\/wp\/v2\/types\/post"}],"author":[{"embeddable":true,"href":"https:\/\/www.pcnen.com\/portal\/wp-json\/wp\/v2\/users\/1"}],"replies":[{"embeddable":true,"href":"https:\/\/www.pcnen.com\/portal\/wp-json\/wp\/v2\/comments?post=326711"}],"version-history":[{"count":1,"href":"https:\/\/www.pcnen.com\/portal\/wp-json\/wp\/v2\/posts\/326711\/revisions"}],"predecessor-version":[{"id":326713,"href":"https:\/\/www.pcnen.com\/portal\/wp-json\/wp\/v2\/posts\/326711\/revisions\/326713"}],"wp:featuredmedia":[{"embeddable":true,"href":"https:\/\/www.pcnen.com\/portal\/wp-json\/wp\/v2\/media\/326712"}],"wp:attachment":[{"href":"https:\/\/www.pcnen.com\/portal\/wp-json\/wp\/v2\/media?parent=326711"}],"wp:term":[{"taxonomy":"category","embeddable":true,"href":"https:\/\/www.pcnen.com\/portal\/wp-json\/wp\/v2\/categories?post=326711"},{"taxonomy":"post_tag","embeddable":true,"href":"https:\/\/www.pcnen.com\/portal\/wp-json\/wp\/v2\/tags?post=326711"}],"curies":[{"name":"wp","href":"https:\/\/api.w.org\/{rel}","templated":true}]}}