{"id":32669,"date":"2009-11-13T11:50:52","date_gmt":"2009-11-13T11:50:52","guid":{"rendered":"http:\/\/www.pcnen.com\/portal\/?p=32669"},"modified":"2009-11-13T11:50:52","modified_gmt":"2009-11-13T11:50:52","slug":"spasioci-jos-nijesu-lokalizovali-alpinistu-iz-slovenije","status":"publish","type":"post","link":"https:\/\/www.pcnen.com\/portal\/2009\/11\/13\/spasioci-jos-nijesu-lokalizovali-alpinistu-iz-slovenije\/","title":{"rendered":"Spasioci jo\u0161 nijesu lokalizovali alpinistu iz Slovenije"},"content":{"rendered":"<p>Spasila\u010dke ekipe zbog lo&scaron;eg vremena i dalje ne mogu da pri\u0111u slovena\u010dkom alpinisti Toma\u017eu Humaru koji je slomio nogu tokom uspona na himalajski vrh Langtang Lirunga i na visini od 6.300 metara \u010deka na pomo\u0107.<\/p>\n<p>Slovena\u010dki alpinista poslednju poruku je poslao u ponedjeljak kada je javio da je povrije\u0111en.<\/p>\n<p>&quot;Ne znamo detalje, ali vjerujemo da se povredio na steni ili je mo\u017eda pao. Slomljena mu je noga i povrije\u0111eno rame&quot;, izjavio je predstavnik agencije za organizovanje alpinisti\u010dkih ekspedicija, prenijela je <em>Beta<\/em>.<\/p>\n<p>&quot;Alpinisti iz Katmandua su krenuli helikopterom da pretra\u017ee oblast gdje se Humar povrijedio, ali nisu uspjeli da ga prona\u0111u&quot;, rekao je on, dodaju\u0107i da sa zemlje nije mogu\u0107e krenuti u potragu zbog nedavnih lavina snijega.<\/p>\n<p>Dodao je da su na putu za Nepal osim \u010dlanova porodice slovena\u010dkog alpiniste, i \u010dlanovi iskusne &scaron;vajcarske spasila\u010dke ekipe.<\/p>\n<p>Do nesre\u0107e je do&scaron;lo u ponedeljak, dok je Humar sam poku&scaron;ao da se popne na Langtang Lirunge kako bi postao prvi alpinista koji je osvojio ju\u017eni dio tog vrha od 7.234 metara.<\/p>\n<p>Humar je bio spasavan i 2005. godine pri usponu na pakistanski Nang Parabat, gdje je zastao na visini od 6.000 metara i pre\u017eivio &scaron;est dana, a u spektakularnoj akciji ga je spasio helikopter pakistanske vojske.<\/p>\n","protected":false},"excerpt":{"rendered":"<p>Spasila\u010dke ekipe zbog lo&scaron;eg vremena i dalje ne mogu da pri\u0111u slovena\u010dkom alpinisti Toma\u017eu Humaru koji je slomio nogu tokom uspona na himalajski vrh Langtang Lirunga i na visini od 6.300 metara \u010deka na pomo\u0107. Slovena\u010dki alpinista poslednju poruku je poslao u ponedjeljak kada je javio da je povrije\u0111en. &quot;Ne znamo detalje, ali vjerujemo da [&hellip;]<\/p>\n","protected":false},"author":1,"featured_media":0,"comment_status":"open","ping_status":"closed","sticky":false,"template":"","format":"standard","meta":{"_seopress_robots_primary_cat":"","_seopress_titles_title":"","_seopress_titles_desc":"","_seopress_robots_index":"","_et_pb_use_builder":"","_et_pb_old_content":"","_et_gb_content_width":"","inline_featured_image":false,"footnotes":""},"categories":[14],"tags":[],"class_list":["post-32669","post","type-post","status-publish","format-standard","hentry","category-vijesti"],"_links":{"self":[{"href":"https:\/\/www.pcnen.com\/portal\/wp-json\/wp\/v2\/posts\/32669","targetHints":{"allow":["GET"]}}],"collection":[{"href":"https:\/\/www.pcnen.com\/portal\/wp-json\/wp\/v2\/posts"}],"about":[{"href":"https:\/\/www.pcnen.com\/portal\/wp-json\/wp\/v2\/types\/post"}],"author":[{"embeddable":true,"href":"https:\/\/www.pcnen.com\/portal\/wp-json\/wp\/v2\/users\/1"}],"replies":[{"embeddable":true,"href":"https:\/\/www.pcnen.com\/portal\/wp-json\/wp\/v2\/comments?post=32669"}],"version-history":[{"count":0,"href":"https:\/\/www.pcnen.com\/portal\/wp-json\/wp\/v2\/posts\/32669\/revisions"}],"wp:attachment":[{"href":"https:\/\/www.pcnen.com\/portal\/wp-json\/wp\/v2\/media?parent=32669"}],"wp:term":[{"taxonomy":"category","embeddable":true,"href":"https:\/\/www.pcnen.com\/portal\/wp-json\/wp\/v2\/categories?post=32669"},{"taxonomy":"post_tag","embeddable":true,"href":"https:\/\/www.pcnen.com\/portal\/wp-json\/wp\/v2\/tags?post=32669"}],"curies":[{"name":"wp","href":"https:\/\/api.w.org\/{rel}","templated":true}]}}