{"id":32668,"date":"2009-11-13T11:28:45","date_gmt":"2009-11-13T11:28:45","guid":{"rendered":"http:\/\/www.pcnen.com\/portal\/?p=32668"},"modified":"2009-11-13T11:28:45","modified_gmt":"2009-11-13T11:28:45","slug":"knezevic-najavio-tuzbu-protiv-gelbarda","status":"publish","type":"post","link":"https:\/\/www.pcnen.com\/portal\/2009\/11\/13\/knezevic-najavio-tuzbu-protiv-gelbarda\/","title":{"rendered":"Kne\u017eevi\u0107 najavio tu\u017ebu protiv Gelbarda"},"content":{"rendered":"<p>Biznismen Ratko Kne\u017eevi\u0107 najavio je danas da \u0107e tu\u017eiti biv&scaron;eg americkog izaslanika za Balkan Roberta Gelbarda zbog tvrdnji da u javnost iznosi neistine u vezi s njim i premijerom Milom \u0110ukanovi\u0107em, a vezano za &scaron;verc duvana i pranje novca, prenosi <em>Tanjug<\/em>.<\/p>\n<p>Kne\u017eevi\u0107 je za podgori\u010dke <em>Vijesti<\/em> rekao da stoji iza svake rije\u010di koju je u intetvjuu tom listu izjavio o Gelbardu i \u0110ukanovi\u0107u.<\/p>\n<p>&quot;Da\u0107u gospodinu Gelbardu priliku da se suo\u010dimo na sudu, u Londonu ili Va&scaron;ingtonu&quot;, najavio je Kne\u017eevi\u0107.<\/p>\n<p>Kne\u017eevi\u0107 je optu\u017eio Gelbarda da se vratio u javnost &quot;zbog dobrog honorara&quot; dobijenog od \u0110ukanovi\u0107a ili nekog poslovnog partnera.<\/p>\n","protected":false},"excerpt":{"rendered":"<p>Biznismen Ratko Kne\u017eevi\u0107 najavio je danas da \u0107e tu\u017eiti biv&scaron;eg americkog izaslanika za Balkan Roberta Gelbarda zbog tvrdnji da u javnost iznosi neistine u vezi s njim i premijerom Milom \u0110ukanovi\u0107em, a vezano za &scaron;verc duvana i pranje novca, prenosi Tanjug. Kne\u017eevi\u0107 je za podgori\u010dke Vijesti rekao da stoji iza svake rije\u010di koju je u [&hellip;]<\/p>\n","protected":false},"author":1,"featured_media":0,"comment_status":"open","ping_status":"closed","sticky":false,"template":"","format":"standard","meta":{"_seopress_robots_primary_cat":"","_seopress_titles_title":"","_seopress_titles_desc":"","_seopress_robots_index":"","_et_pb_use_builder":"","_et_pb_old_content":"","_et_gb_content_width":"","inline_featured_image":false,"footnotes":""},"categories":[14],"tags":[],"class_list":["post-32668","post","type-post","status-publish","format-standard","hentry","category-vijesti"],"_links":{"self":[{"href":"https:\/\/www.pcnen.com\/portal\/wp-json\/wp\/v2\/posts\/32668","targetHints":{"allow":["GET"]}}],"collection":[{"href":"https:\/\/www.pcnen.com\/portal\/wp-json\/wp\/v2\/posts"}],"about":[{"href":"https:\/\/www.pcnen.com\/portal\/wp-json\/wp\/v2\/types\/post"}],"author":[{"embeddable":true,"href":"https:\/\/www.pcnen.com\/portal\/wp-json\/wp\/v2\/users\/1"}],"replies":[{"embeddable":true,"href":"https:\/\/www.pcnen.com\/portal\/wp-json\/wp\/v2\/comments?post=32668"}],"version-history":[{"count":0,"href":"https:\/\/www.pcnen.com\/portal\/wp-json\/wp\/v2\/posts\/32668\/revisions"}],"wp:attachment":[{"href":"https:\/\/www.pcnen.com\/portal\/wp-json\/wp\/v2\/media?parent=32668"}],"wp:term":[{"taxonomy":"category","embeddable":true,"href":"https:\/\/www.pcnen.com\/portal\/wp-json\/wp\/v2\/categories?post=32668"},{"taxonomy":"post_tag","embeddable":true,"href":"https:\/\/www.pcnen.com\/portal\/wp-json\/wp\/v2\/tags?post=32668"}],"curies":[{"name":"wp","href":"https:\/\/api.w.org\/{rel}","templated":true}]}}