{"id":32656,"date":"2009-11-12T19:56:47","date_gmt":"2009-11-12T19:56:47","guid":{"rendered":"http:\/\/www.pcnen.com\/portal\/?p=32656"},"modified":"2009-11-12T19:56:47","modified_gmt":"2009-11-12T19:56:47","slug":"danski-premijer-pozvao-191-zemlju-na-samit-o-klimi","status":"publish","type":"post","link":"https:\/\/www.pcnen.com\/portal\/2009\/11\/12\/danski-premijer-pozvao-191-zemlju-na-samit-o-klimi\/","title":{"rendered":"Danski premijer pozvao 191 zemlju na samit o klimi"},"content":{"rendered":"<p>Danski premijer Lars Leke Rasmusen je uputio zvani\u010dan poziv &scaron;efovima dr\u017eava i vlada 191 zemlje da u\u010destvuju na klimatskom samitu UN 7. decembra u Kopenhagenu, saop&scaron;teno je iz njegovog kabineta, prenopsi <em>Radio Slobodna Evropa.<\/em> <\/p>\n<p>On je dodao da \u0107e zaklju\u010dci koji budu usvojeni na kraju konferencije 18. decembra &quot;biti presudni za stanovnike planete&quot;. <\/p>\n<p>Na klimatskoj konferenciji UN u danskoj prestonici od 7. do 18. decembra 192 zemlje bi trebalo da usvoje sporazum o smanjenju emisije &scaron;tetnih gasova, koji bi trebalo da zamijeni Protokol iz Kjota koji isti\u010de 2012.<\/p>\n","protected":false},"excerpt":{"rendered":"<p>Danski premijer Lars Leke Rasmusen je uputio zvani\u010dan poziv &scaron;efovima dr\u017eava i vlada 191 zemlje da u\u010destvuju na klimatskom samitu UN 7. decembra u Kopenhagenu, saop&scaron;teno je iz njegovog kabineta, prenopsi Radio Slobodna Evropa. On je dodao da \u0107e zaklju\u010dci koji budu usvojeni na kraju konferencije 18. decembra &quot;biti presudni za stanovnike planete&quot;. Na klimatskoj [&hellip;]<\/p>\n","protected":false},"author":1,"featured_media":0,"comment_status":"open","ping_status":"closed","sticky":false,"template":"","format":"standard","meta":{"_seopress_robots_primary_cat":"","_seopress_titles_title":"","_seopress_titles_desc":"","_seopress_robots_index":"","_et_pb_use_builder":"","_et_pb_old_content":"","_et_gb_content_width":"","inline_featured_image":false,"footnotes":""},"categories":[14],"tags":[],"class_list":["post-32656","post","type-post","status-publish","format-standard","hentry","category-vijesti"],"_links":{"self":[{"href":"https:\/\/www.pcnen.com\/portal\/wp-json\/wp\/v2\/posts\/32656","targetHints":{"allow":["GET"]}}],"collection":[{"href":"https:\/\/www.pcnen.com\/portal\/wp-json\/wp\/v2\/posts"}],"about":[{"href":"https:\/\/www.pcnen.com\/portal\/wp-json\/wp\/v2\/types\/post"}],"author":[{"embeddable":true,"href":"https:\/\/www.pcnen.com\/portal\/wp-json\/wp\/v2\/users\/1"}],"replies":[{"embeddable":true,"href":"https:\/\/www.pcnen.com\/portal\/wp-json\/wp\/v2\/comments?post=32656"}],"version-history":[{"count":0,"href":"https:\/\/www.pcnen.com\/portal\/wp-json\/wp\/v2\/posts\/32656\/revisions"}],"wp:attachment":[{"href":"https:\/\/www.pcnen.com\/portal\/wp-json\/wp\/v2\/media?parent=32656"}],"wp:term":[{"taxonomy":"category","embeddable":true,"href":"https:\/\/www.pcnen.com\/portal\/wp-json\/wp\/v2\/categories?post=32656"},{"taxonomy":"post_tag","embeddable":true,"href":"https:\/\/www.pcnen.com\/portal\/wp-json\/wp\/v2\/tags?post=32656"}],"curies":[{"name":"wp","href":"https:\/\/api.w.org\/{rel}","templated":true}]}}