{"id":32645,"date":"2009-11-12T13:19:14","date_gmt":"2009-11-12T13:19:14","guid":{"rendered":"http:\/\/www.pcnen.com\/portal\/?p=32645"},"modified":"2009-11-12T13:19:14","modified_gmt":"2009-11-12T13:19:14","slug":"pohapsena-srpsko-crnogorska-auto-mafija","status":"publish","type":"post","link":"https:\/\/www.pcnen.com\/portal\/2009\/11\/12\/pohapsena-srpsko-crnogorska-auto-mafija\/","title":{"rendered":"Pohap\u0161ena srpsko- crnogorska auto mafija"},"content":{"rendered":"<p>U zajedini\u010dkoj akciji srpske i crnogorske policije uhap&scaron;eno je 14 osoba osumnji\u010denih za kra\u0111u automobila, izjavio je danas ministar unutra&scaron;njih poslova Ivica Da\u010di\u0107. <\/p>\n<p>On je novinarima rekao da je &scaron;est osoba uhap&scaron;eno u Srbiji, a osam u Crnoj Gori, kao i da je rije\u010d o organizovanoj kriminalnoj grupi koja je automobile krala u Srbiji, a preprodavala u Crnoj Gori. <\/p>\n<p>&quot;Na \u010delu te grupe je Nikola Rov\u010danin, koji je uhap&scaron;en, a za dvojicom osumnji\u010denih se jo&scaron; traga&quot;, rekao je Da\u010di\u0107. <\/p>\n<p>Direktor policije Milorad Veljovi\u0107 rekao je agenciji <em>Beta<\/em> da su pripadnici MUP-a Srbije i Crne Gore uhapsili vi&scaron;e osoba osumnji\u010denih za kra\u0111u automobila i da je akcija jo&scaron; u toku. <\/p>\n","protected":false},"excerpt":{"rendered":"<p>U zajedini\u010dkoj akciji srpske i crnogorske policije uhap&scaron;eno je 14 osoba osumnji\u010denih za kra\u0111u automobila, izjavio je danas ministar unutra&scaron;njih poslova Ivica Da\u010di\u0107. On je novinarima rekao da je &scaron;est osoba uhap&scaron;eno u Srbiji, a osam u Crnoj Gori, kao i da je rije\u010d o organizovanoj kriminalnoj grupi koja je automobile krala u Srbiji, a [&hellip;]<\/p>\n","protected":false},"author":1,"featured_media":0,"comment_status":"open","ping_status":"closed","sticky":false,"template":"","format":"standard","meta":{"_seopress_robots_primary_cat":"","_seopress_titles_title":"","_seopress_titles_desc":"","_seopress_robots_index":"","_et_pb_use_builder":"","_et_pb_old_content":"","_et_gb_content_width":"","inline_featured_image":false,"footnotes":""},"categories":[14],"tags":[],"class_list":["post-32645","post","type-post","status-publish","format-standard","hentry","category-vijesti"],"_links":{"self":[{"href":"https:\/\/www.pcnen.com\/portal\/wp-json\/wp\/v2\/posts\/32645","targetHints":{"allow":["GET"]}}],"collection":[{"href":"https:\/\/www.pcnen.com\/portal\/wp-json\/wp\/v2\/posts"}],"about":[{"href":"https:\/\/www.pcnen.com\/portal\/wp-json\/wp\/v2\/types\/post"}],"author":[{"embeddable":true,"href":"https:\/\/www.pcnen.com\/portal\/wp-json\/wp\/v2\/users\/1"}],"replies":[{"embeddable":true,"href":"https:\/\/www.pcnen.com\/portal\/wp-json\/wp\/v2\/comments?post=32645"}],"version-history":[{"count":0,"href":"https:\/\/www.pcnen.com\/portal\/wp-json\/wp\/v2\/posts\/32645\/revisions"}],"wp:attachment":[{"href":"https:\/\/www.pcnen.com\/portal\/wp-json\/wp\/v2\/media?parent=32645"}],"wp:term":[{"taxonomy":"category","embeddable":true,"href":"https:\/\/www.pcnen.com\/portal\/wp-json\/wp\/v2\/categories?post=32645"},{"taxonomy":"post_tag","embeddable":true,"href":"https:\/\/www.pcnen.com\/portal\/wp-json\/wp\/v2\/tags?post=32645"}],"curies":[{"name":"wp","href":"https:\/\/api.w.org\/{rel}","templated":true}]}}