{"id":32641,"date":"2009-11-12T10:10:39","date_gmt":"2009-11-12T10:10:39","guid":{"rendered":"http:\/\/www.pcnen.com\/portal\/?p=32641"},"modified":"2009-11-12T10:10:39","modified_gmt":"2009-11-12T10:10:39","slug":"krivokapic-ubuduce-presednik-parlamenta","status":"publish","type":"post","link":"https:\/\/www.pcnen.com\/portal\/2009\/11\/12\/krivokapic-ubuduce-presednik-parlamenta\/","title":{"rendered":"Krivokapi\u0107 ubudu\u0107e pre\u015bednik parlamenta"},"content":{"rendered":"<p>Ministar prosvjete i nauke Sreten &Scaron;kuleti\u0107 odobrio je u junu ove godine pravopis crnogorskog jezika s rje\u010dnikom koji je uradila tro\u010dlana ekspertska grupa, koju su \u010dinili profesori iz inostranstva Milenko Perovi\u0107 (Srbija), Ljudmila Vasiljeva (Ukrajina) i Josip Sili\u0107 (Hrvatska).<\/p>\n<p>Novi pravopis je nastao nakon &scaron;to je Savjet za standardizaciju crnogorskog jezika prekinuo rad zbog o&scaron;tro suprotstavljenih vi\u0111enja crnogorskog pravopisa.<\/p>\n","protected":false},"excerpt":{"rendered":"<p>Kabinet predsjednika Skup&scaron;tine Crne Gore je saop&scaron;tio da \u0107e u budu\u0107im javnim obra\u0107anjima koristiti Pravopis Crnogorskog jezika, &scaron;to podrazumijeva da \u0107e se predsjednik Skup&scaron;tine ubudu\u0107e pisati sa novim grafemom \u015b &#8211; pre\u015bednik.<\/p>\n","protected":false},"author":1,"featured_media":0,"comment_status":"open","ping_status":"closed","sticky":false,"template":"","format":"standard","meta":{"_seopress_robots_primary_cat":"","_seopress_titles_title":"","_seopress_titles_desc":"","_seopress_robots_index":"","_et_pb_use_builder":"","_et_pb_old_content":"","_et_gb_content_width":"","inline_featured_image":false,"footnotes":""},"categories":[14],"tags":[],"class_list":["post-32641","post","type-post","status-publish","format-standard","hentry","category-vijesti"],"_links":{"self":[{"href":"https:\/\/www.pcnen.com\/portal\/wp-json\/wp\/v2\/posts\/32641","targetHints":{"allow":["GET"]}}],"collection":[{"href":"https:\/\/www.pcnen.com\/portal\/wp-json\/wp\/v2\/posts"}],"about":[{"href":"https:\/\/www.pcnen.com\/portal\/wp-json\/wp\/v2\/types\/post"}],"author":[{"embeddable":true,"href":"https:\/\/www.pcnen.com\/portal\/wp-json\/wp\/v2\/users\/1"}],"replies":[{"embeddable":true,"href":"https:\/\/www.pcnen.com\/portal\/wp-json\/wp\/v2\/comments?post=32641"}],"version-history":[{"count":0,"href":"https:\/\/www.pcnen.com\/portal\/wp-json\/wp\/v2\/posts\/32641\/revisions"}],"wp:attachment":[{"href":"https:\/\/www.pcnen.com\/portal\/wp-json\/wp\/v2\/media?parent=32641"}],"wp:term":[{"taxonomy":"category","embeddable":true,"href":"https:\/\/www.pcnen.com\/portal\/wp-json\/wp\/v2\/categories?post=32641"},{"taxonomy":"post_tag","embeddable":true,"href":"https:\/\/www.pcnen.com\/portal\/wp-json\/wp\/v2\/tags?post=32641"}],"curies":[{"name":"wp","href":"https:\/\/api.w.org\/{rel}","templated":true}]}}