{"id":32632,"date":"2009-11-11T20:42:16","date_gmt":"2009-11-11T20:42:16","guid":{"rendered":"http:\/\/www.pcnen.com\/portal\/?p=32632"},"modified":"2009-11-11T20:42:16","modified_gmt":"2009-11-11T20:42:16","slug":"preden-prag-od-milijarde-gladnih","status":"publish","type":"post","link":"https:\/\/www.pcnen.com\/portal\/2009\/11\/11\/preden-prag-od-milijarde-gladnih\/","title":{"rendered":"Pre\u0111en prag od milijarde gladnih"},"content":{"rendered":"<p>On je, tako\u0111e, pozvao svijet na &quot;jednodnevan &scaron;trajk gla\u0111u u subotu ili nedjelju&quot;, te dodao da \u0107e i sam u toku vikenda postiti 24 sata.<\/p>\n<p>Svrha je simboli\u010dna solidarnost s milijardom gladnih u svijetu, naglasio je novinarima u Rimu, u sjedi&scaron;tu FAO.<\/p>\n<p>Protestna kampanja \u0107e u obliku peticije biti ponu\u0111ena na potpisivanje na internetu pod nazivom &quot;Ne sla\u017eem se&quot; na stranici <a href=\"http:\/\/www.1billionhungry.org\/\">www.1billionhungry.org\/<\/a> <\/p>\n<p>FAO od 16. do 18. novembra organizuje svjetski susret na vrhu o prehrambenoj bezbjednosti. <\/p>\n","protected":false},"excerpt":{"rendered":"<p>Generalni direktor Organizacije UN za hranu i poljoprivredu (FAO) \u017dak Diuf je objavio danas potpisivanje svjetske peticije kojom se upozorava da je pre\u0111en prag od milijarde gladnih ljudi u svijetu.<\/p>\n","protected":false},"author":1,"featured_media":0,"comment_status":"open","ping_status":"closed","sticky":false,"template":"","format":"standard","meta":{"_seopress_robots_primary_cat":"","_seopress_titles_title":"","_seopress_titles_desc":"","_seopress_robots_index":"","_et_pb_use_builder":"","_et_pb_old_content":"","_et_gb_content_width":"","inline_featured_image":false,"footnotes":""},"categories":[14],"tags":[],"class_list":["post-32632","post","type-post","status-publish","format-standard","hentry","category-vijesti"],"_links":{"self":[{"href":"https:\/\/www.pcnen.com\/portal\/wp-json\/wp\/v2\/posts\/32632","targetHints":{"allow":["GET"]}}],"collection":[{"href":"https:\/\/www.pcnen.com\/portal\/wp-json\/wp\/v2\/posts"}],"about":[{"href":"https:\/\/www.pcnen.com\/portal\/wp-json\/wp\/v2\/types\/post"}],"author":[{"embeddable":true,"href":"https:\/\/www.pcnen.com\/portal\/wp-json\/wp\/v2\/users\/1"}],"replies":[{"embeddable":true,"href":"https:\/\/www.pcnen.com\/portal\/wp-json\/wp\/v2\/comments?post=32632"}],"version-history":[{"count":0,"href":"https:\/\/www.pcnen.com\/portal\/wp-json\/wp\/v2\/posts\/32632\/revisions"}],"wp:attachment":[{"href":"https:\/\/www.pcnen.com\/portal\/wp-json\/wp\/v2\/media?parent=32632"}],"wp:term":[{"taxonomy":"category","embeddable":true,"href":"https:\/\/www.pcnen.com\/portal\/wp-json\/wp\/v2\/categories?post=32632"},{"taxonomy":"post_tag","embeddable":true,"href":"https:\/\/www.pcnen.com\/portal\/wp-json\/wp\/v2\/tags?post=32632"}],"curies":[{"name":"wp","href":"https:\/\/api.w.org\/{rel}","templated":true}]}}