{"id":326103,"date":"2021-08-23T16:04:50","date_gmt":"2021-08-23T14:04:50","guid":{"rendered":"https:\/\/www.pcnen.com\/portal\/?p=326103"},"modified":"2021-08-23T20:18:44","modified_gmt":"2021-08-23T18:18:44","slug":"o-dvostrukim-standardima-i-arsinima","status":"publish","type":"post","link":"https:\/\/www.pcnen.com\/portal\/2021\/08\/23\/o-dvostrukim-standardima-i-arsinima\/","title":{"rendered":"O dvostrukim standardima i ar\u0161inima"},"content":{"rendered":"<p>Ve\u0107 dvadesetak dana glavna tema u Crnoj Gori je ustoli\u010denje mitropolita Joanikija na Cetinju. I narednih deset, do 05.10. \u0107e se o tome najvi\u0161e pisati i pri\u010dati, kao i desetak dana poslije. Onda \u0107emo se suo\u010diti sa svakodnevnim, \u017eivotnim problemima, ako se u me\u0111uvremenu ne na\u0111e neka sli\u010dna tema za produbljivanje podjela i mr\u017enje.<\/p>\n<p>Ju\u010de je odr\u017ean skup protivljenja ustoli\u010denju mitropolita Joanikija na Cetinju. Obije suprotstavljene strane su u ju\u010dera\u0161njem skupu vidjele svoju pobjedu, ali o na\u0161im porazima koje ra\u010dunamo kao pobjede ne\u0107u, ve\u0107 o duplim standardima povodom javnih okupljanja i svega onog \u0161to ih prati.<\/p>\n<p>Ju\u010dera\u0161nji skup je bio neprijavljen, \u0161to je postala praksa od kada se promjenila vlast, a va\u017eile su epidemiolo\u0161ke mjere o zabrani okupljanja preko 50 osoba. Uprava policije je u saop\u0161tenju naglasaila da je skup bio neprijavljen, te da je, po njenoj procjeni, na njemu bilo 4 000 gra\u0111ana.<\/p>\n<p>12.maja ove godine odr\u017ean je tradiconalni skup obilje\u017eavanja dana Svetog Vasija Ostro\u0161kog. Iako se odr\u017eava svake godine na isti dan, skup nije bio prijavljen, a na snazi su tako\u0111e bile epidemiolo\u0161ke mjere o zabrani okupljanja. Poslije zavr\u0161etka skupa, Uprava policije je iza\u0161la sa procjenom da je na njemu bilo prisutno 9 000 gra\u0111ana, ne naglasiv\u0161i da je skup bio neprijavljen kao \u0161to je to uradila za ju\u010dera\u0161nji na Cetinje.<\/p>\n<p>Istog dana, u isto vrijeme kada je bio skup u Nik\u0161i\u0107u, u Podgorici je odr\u017ean skup podr\u0161ke narodu Palestine. Po procjeni policije prisustvovalo mu je 70 gra\u0111ana. Okupljanje je bio spontano i neprijavljeno. Policija je do\u0161la da upozori u\u010desnike da je skup neprijavljen i da se njime kr\u0161e epidemiolo\u0161ke mjere, tra\u017ee\u0107i od njih da se razi\u0111u. Po Evropskoj konvenciji o ljudskim pravima jedino ovo okupljanje nije moralo biti prijavljeno jer se izbijanja rata izme\u0111u Palestine i Izraela nije\u00a0 moglo predvidjeti, kao ni njegove posljedice zbog kojih je organizovan protest, a policija je jedino regaovala povodom odr\u017eavanja ovog skupa.<\/p>\n<p>Poslije ju\u010dera\u0161njeg protesta na Cetinju, reagovalo je Ministarstvo zdravlja upozoravaju\u0107i da na Cetinju nijesu no\u0161ene maske, niti je dr\u017eano odstojanja, optu\u017euju\u0107i za to DPS i njihovu Komisiju za zdravstvo kao podstreka\u010de i odgovorne za \u0161irenje zaraze. U sop\u0161tenju ministarstva dalje se isti\u0107e da \u201eju\u010dera\u0161nje pona\u0161anje ne smije biti model pona\u0161anja javnih li\u010dnosti, ma ko one bile, osim ako im nije namjera promocija bujanje korona virusa\u201c.<\/p>\n<p>Na pomenutom skupu povodom dana Svetog Vasilija Ostro\u0161kog tako\u0111e nijesu no\u0161ene maske, jo\u0161 manje je dr\u017eana distanca jer je skup bio masovniji, a Ministarstvo zdravlja se tim povodom nije ogla\u0161avalo, niti je osudilo premijera zbog podr\u0161ke i poziva da se prisustvuje tom skupu \u010dime su se kr\u0161ile epidemiolo\u0161ke mjere. Naime, uo\u010di skupa, premijer \u2013 kao najodgovornija osoba u dr\u017eavi, na konferanciji za \u0161tampu je najavio da \u0107e mu i sam prisustvovati, a kr\u0161enje epidemiolo\u0161kih mjera i propisa je pravdao time da vjernici imaju svoje metafizi\u010dke i duhovne potrebe. Dakle, premijer je javno dao ve\u0107a prava vjernicima nego ostalim gra\u0111anima, saop\u0161tavaju\u0107i nam da neki zakoni i uredbe koje donosi upravo Vlada na \u010dijem je \u010delu, za njih ne va\u017ee.<\/p>\n<p>Na ustoli\u010denju mitropolita Joanikija, gdje god ono bilo, prisustvova\u0107e stotine ili hiljade gra\u0111ana. Niko od sve\u0161tenika \u2013 kojih \u0107e sigurno biti preko 50, ne\u0107e nositi masku, kao ni ve\u0107ina okupljenih vjernika &#8211; niti \u0107e se dr\u017eati propisano odstojanje. Sve \u0107e se to doga\u0111ati u prisustvu premijera Krivokapi\u0107a, ministarke Borovini\u0107, kao i ve\u0107ine ministara aktuelne Vlade, te drugih javnih li\u010dnosti. Ministarstvo i ministarka zdravlja, siguran sam, ne\u0107e osuditi kr\u0161ene mjera kome \u0107e sama biti svjedok. Ista stvar \u0161to se ti\u010de po\u0161tovanja epidemiolo\u0161kih mjera \u0107e biti i na kontra skupu, koji \u0107e, vjerovatno biti organizovan, vjerujem opet neprijavljen. Tako ulazimo u za\u010daran krug nepo\u0161tovanja zakona i neki vid anarhije. Pro\u0161la vlast je, pla\u0161e\u0107i se javnih skupova i protesta, zakon o javnim skupovim tuma\u010dila na najrigidniji na\u010din, poku\u0161avaju\u0107i da ih onemogu\u0107i. Aktuelna vlast je toliko liberalna po tom pitanju da organizatorima javnih okupljanja vi\u0161e ni na pamet ne pada da ih po zakonskoj proceduri prijave. I pro\u0161la i ova vlast, zakone o javnim skupovima primjenjuje selektivno, zavisno od toga da li ga organizuju njihovi miljenici ili protivnici.<\/p>\n<p>U pravnoj dr\u017eavi zakoni moraju biti neselektivani i jednaki za sve. Jedino tako dr\u017eava mo\u017ee djelovati i zahtijevati od gra\u0111ana da oni budu po\u0161tovani. Selektivna primjena zakona i dvojni ar\u0161ini u njihovom sprovo\u0111enju su najgore bezakonje. To je radila pro\u0161la vlast, radi i sada\u0161nja.<\/p>\n","protected":false},"excerpt":{"rendered":"<p>Pi\u0161e:Omer \u0160ARKI\u0106<\/p>\n","protected":false},"author":12,"featured_media":286086,"comment_status":"open","ping_status":"closed","sticky":false,"template":"","format":"standard","meta":{"_seopress_robots_primary_cat":"","_seopress_titles_title":"","_seopress_titles_desc":"","_seopress_robots_index":"","_et_pb_use_builder":"","_et_pb_old_content":"","_et_gb_content_width":"","inline_featured_image":false,"footnotes":""},"categories":[17],"tags":[],"class_list":["post-326103","post","type-post","status-publish","format-standard","has-post-thumbnail","hentry","category-blogovi"],"_links":{"self":[{"href":"https:\/\/www.pcnen.com\/portal\/wp-json\/wp\/v2\/posts\/326103","targetHints":{"allow":["GET"]}}],"collection":[{"href":"https:\/\/www.pcnen.com\/portal\/wp-json\/wp\/v2\/posts"}],"about":[{"href":"https:\/\/www.pcnen.com\/portal\/wp-json\/wp\/v2\/types\/post"}],"author":[{"embeddable":true,"href":"https:\/\/www.pcnen.com\/portal\/wp-json\/wp\/v2\/users\/12"}],"replies":[{"embeddable":true,"href":"https:\/\/www.pcnen.com\/portal\/wp-json\/wp\/v2\/comments?post=326103"}],"version-history":[{"count":4,"href":"https:\/\/www.pcnen.com\/portal\/wp-json\/wp\/v2\/posts\/326103\/revisions"}],"predecessor-version":[{"id":326123,"href":"https:\/\/www.pcnen.com\/portal\/wp-json\/wp\/v2\/posts\/326103\/revisions\/326123"}],"wp:featuredmedia":[{"embeddable":true,"href":"https:\/\/www.pcnen.com\/portal\/wp-json\/wp\/v2\/media\/286086"}],"wp:attachment":[{"href":"https:\/\/www.pcnen.com\/portal\/wp-json\/wp\/v2\/media?parent=326103"}],"wp:term":[{"taxonomy":"category","embeddable":true,"href":"https:\/\/www.pcnen.com\/portal\/wp-json\/wp\/v2\/categories?post=326103"},{"taxonomy":"post_tag","embeddable":true,"href":"https:\/\/www.pcnen.com\/portal\/wp-json\/wp\/v2\/tags?post=326103"}],"curies":[{"name":"wp","href":"https:\/\/api.w.org\/{rel}","templated":true}]}}