{"id":32606,"date":"2009-11-10T21:37:42","date_gmt":"2009-11-10T21:37:42","guid":{"rendered":"http:\/\/www.pcnen.com\/portal\/?p=32606"},"modified":"2009-11-10T21:37:42","modified_gmt":"2009-11-10T21:37:42","slug":"spomen-ploca-za-pavelicevog-ministra","status":"publish","type":"post","link":"https:\/\/www.pcnen.com\/portal\/2009\/11\/10\/spomen-ploca-za-pavelicevog-ministra\/","title":{"rendered":"Spomen plo\u010da za Paveli\u0107evog ministra"},"content":{"rendered":"<p>U podbiokovskom tu\u010depskom zaseoku &Scaron;imi\u0107ima podignuta je spomen plo\u010da u \u010dast ministra u vladi usta&scaron;ke Nezavisne dr\u017eave Hrvatske Marijana &Scaron;imi\u0107a, koji je prema brojnim lokalnim pri\u010dama, doveo vodu u selo i probio mjesne puteve. <\/p>\n<p>Plo\u010du je, na op&scaron;inskom zemlji&scaron;tu, podigla ministrova ne\u0107akinja Anica Pa&scaron;ali\u0107, Tu\u010depljanka s australijskom adresom, a ne Op&scaron;ina Tu\u010depi, pi&scaron;e zagreba\u010dki <em><a href=\"http:\/\/www.vecernji.hr\/vijesti\/pavelicevu-ministru-necakinja-postavila-spomen-plocu-clanak-48445\">Ve\u010dernji list.<\/a><\/em><\/p>\n","protected":false},"excerpt":{"rendered":"<p>U podbiokovskom tu\u010depskom zaseoku &Scaron;imi\u0107ima podignuta je spomen plo\u010da u \u010dast ministra u vladi usta&scaron;ke Nezavisne dr\u017eave Hrvatske Marijana &Scaron;imi\u0107a, koji je prema brojnim lokalnim pri\u010dama, doveo vodu u selo i probio mjesne puteve. Plo\u010du je, na op&scaron;inskom zemlji&scaron;tu, podigla ministrova ne\u0107akinja Anica Pa&scaron;ali\u0107, Tu\u010depljanka s australijskom adresom, a ne Op&scaron;ina Tu\u010depi, pi&scaron;e zagreba\u010dki Ve\u010dernji [&hellip;]<\/p>\n","protected":false},"author":1,"featured_media":0,"comment_status":"open","ping_status":"closed","sticky":false,"template":"","format":"standard","meta":{"_seopress_robots_primary_cat":"","_seopress_titles_title":"","_seopress_titles_desc":"","_seopress_robots_index":"","_et_pb_use_builder":"","_et_pb_old_content":"","_et_gb_content_width":"","inline_featured_image":false,"footnotes":""},"categories":[14],"tags":[],"class_list":["post-32606","post","type-post","status-publish","format-standard","hentry","category-vijesti"],"_links":{"self":[{"href":"https:\/\/www.pcnen.com\/portal\/wp-json\/wp\/v2\/posts\/32606","targetHints":{"allow":["GET"]}}],"collection":[{"href":"https:\/\/www.pcnen.com\/portal\/wp-json\/wp\/v2\/posts"}],"about":[{"href":"https:\/\/www.pcnen.com\/portal\/wp-json\/wp\/v2\/types\/post"}],"author":[{"embeddable":true,"href":"https:\/\/www.pcnen.com\/portal\/wp-json\/wp\/v2\/users\/1"}],"replies":[{"embeddable":true,"href":"https:\/\/www.pcnen.com\/portal\/wp-json\/wp\/v2\/comments?post=32606"}],"version-history":[{"count":0,"href":"https:\/\/www.pcnen.com\/portal\/wp-json\/wp\/v2\/posts\/32606\/revisions"}],"wp:attachment":[{"href":"https:\/\/www.pcnen.com\/portal\/wp-json\/wp\/v2\/media?parent=32606"}],"wp:term":[{"taxonomy":"category","embeddable":true,"href":"https:\/\/www.pcnen.com\/portal\/wp-json\/wp\/v2\/categories?post=32606"},{"taxonomy":"post_tag","embeddable":true,"href":"https:\/\/www.pcnen.com\/portal\/wp-json\/wp\/v2\/tags?post=32606"}],"curies":[{"name":"wp","href":"https:\/\/api.w.org\/{rel}","templated":true}]}}