{"id":32604,"date":"2009-11-10T20:26:02","date_gmt":"2009-11-10T20:26:02","guid":{"rendered":"http:\/\/www.pcnen.com\/portal\/?p=32604"},"modified":"2009-11-10T20:26:02","modified_gmt":"2009-11-10T20:26:02","slug":"mmfcg-ekonomija-u-minusu-i-naredne-godine","status":"publish","type":"post","link":"https:\/\/www.pcnen.com\/portal\/2009\/11\/10\/mmfcg-ekonomija-u-minusu-i-naredne-godine\/","title":{"rendered":"MMF:CG ekonomija u minusu i naredne godine"},"content":{"rendered":"<p>Crnogorska ekonomija, prema oktobarskim prognozama Me\u0111unarodnog monetarnog fonda (MMF), oslabi\u0107e do kraja ove godine \u010detiri odsto, a u minusu \u0107e biti i naredne.<\/p>\n<p>Prognozirani pad od \u010detiri odsto za ovu godinu znatno je ni\u017ei od ranijih prognoza MMF-a, prema kojim se o\u010dekivalo slabljenje ekonomije od 2,7 odsto, prenosi <em>RSE<\/em> vijest agencije <em>Mina-business.<\/em><\/p>\n<p>U novim ekonomskim prognozama MMF-a, u koje je agencija <em>Mina-business<\/em> imala uvid, pove\u0107ana je i stopa inflacije u Crnoj Gori mjerena potro&scaron;a\u010dkim cijenama za ovu godinu, sa o\u010dekivanih 1,7 odsto na 3,4 odsto.<\/p>\n<p>MMF, me\u0111utim, nije mijenjao prognoze za narednu godinu, prema kojim \u0107e crnogorski BDP imati bla\u017ei pad i biti u minusu dva odsto.<\/p>\n<p>Ukoliko se prognoza MMF-a ostvari, Crna Gora \u0107e naredne godine biti jedina zemlja iz grupe rastu\u0107ih ekonomija koja \u0107e bilje\u017eiti negativne rezultate, dok \u0107e inflacija iznositi oko 2,1 odsto.<\/p>\n<p>Blagi rast, 0,4 i 0,5 odsto, naredne godine bilje\u017ei\u0107e Hrvatska i Bosna i Hercegovina, dok \u0107e po stopi od 1,5 odsto rasti privrede Rusije i Srbije.<\/p>\n<p>MMF prognozira da \u0107e ekonomija Bjelorusije naredne godine oja\u010dati 1,8 odsto, Makedonije dva odsto, Albanije 2,2 odsto, Ukrajine 2,7, dok \u0107e me\u0111u rastu\u0107im ekonomijama najbolje rezultate bilje\u017eiti Turska, 3,7 odsto.<\/p>\n<p>Crnogorski BDP, prema Vladinim podacima, pao je za devet mjeseci \u010detiri odsto na 2,67 milijardi eura, &scaron;to ukazuje da je Crna Gora u recesiji. <\/p>\n<p>U Vladi ipak o\u010dekuju da \u0107e u narednoj godini crnogorska ekonomija bilje\u017eiti stopu rasta od jedan odsto i lagano iza\u0107i iz krize.<\/p>\n","protected":false},"excerpt":{"rendered":"<p>Crnogorska ekonomija, prema oktobarskim prognozama Me\u0111unarodnog monetarnog fonda (MMF), oslabi\u0107e do kraja ove godine \u010detiri odsto, a u minusu \u0107e biti i naredne. Prognozirani pad od \u010detiri odsto za ovu godinu znatno je ni\u017ei od ranijih prognoza MMF-a, prema kojim se o\u010dekivalo slabljenje ekonomije od 2,7 odsto, prenosi RSE vijest agencije Mina-business. U novim ekonomskim [&hellip;]<\/p>\n","protected":false},"author":1,"featured_media":0,"comment_status":"open","ping_status":"closed","sticky":false,"template":"","format":"standard","meta":{"_seopress_robots_primary_cat":"","_seopress_titles_title":"","_seopress_titles_desc":"","_seopress_robots_index":"","_et_pb_use_builder":"","_et_pb_old_content":"","_et_gb_content_width":"","inline_featured_image":false,"footnotes":""},"categories":[14],"tags":[],"class_list":["post-32604","post","type-post","status-publish","format-standard","hentry","category-vijesti"],"_links":{"self":[{"href":"https:\/\/www.pcnen.com\/portal\/wp-json\/wp\/v2\/posts\/32604","targetHints":{"allow":["GET"]}}],"collection":[{"href":"https:\/\/www.pcnen.com\/portal\/wp-json\/wp\/v2\/posts"}],"about":[{"href":"https:\/\/www.pcnen.com\/portal\/wp-json\/wp\/v2\/types\/post"}],"author":[{"embeddable":true,"href":"https:\/\/www.pcnen.com\/portal\/wp-json\/wp\/v2\/users\/1"}],"replies":[{"embeddable":true,"href":"https:\/\/www.pcnen.com\/portal\/wp-json\/wp\/v2\/comments?post=32604"}],"version-history":[{"count":0,"href":"https:\/\/www.pcnen.com\/portal\/wp-json\/wp\/v2\/posts\/32604\/revisions"}],"wp:attachment":[{"href":"https:\/\/www.pcnen.com\/portal\/wp-json\/wp\/v2\/media?parent=32604"}],"wp:term":[{"taxonomy":"category","embeddable":true,"href":"https:\/\/www.pcnen.com\/portal\/wp-json\/wp\/v2\/categories?post=32604"},{"taxonomy":"post_tag","embeddable":true,"href":"https:\/\/www.pcnen.com\/portal\/wp-json\/wp\/v2\/tags?post=32604"}],"curies":[{"name":"wp","href":"https:\/\/api.w.org\/{rel}","templated":true}]}}