{"id":32603,"date":"2009-11-10T19:19:23","date_gmt":"2009-11-10T19:19:23","guid":{"rendered":"http:\/\/www.pcnen.com\/portal\/?p=32603"},"modified":"2009-11-10T19:19:23","modified_gmt":"2009-11-10T19:19:23","slug":"nvo-pisali-premijeru-traze-dinosinu-ostavku","status":"publish","type":"post","link":"https:\/\/www.pcnen.com\/portal\/2009\/11\/10\/nvo-pisali-premijeru-traze-dinosinu-ostavku\/","title":{"rendered":"NVO pisali premijeru, tra\u017ee Dino\u0161inu ostavku"},"content":{"rendered":"<p>Vi&scaron;e nevladinih organizacija je uputilo danas otvoreno pismo predsjedniku Vlade Crne Gore Milu \u0110ukanovi\u0107u u kome sugeri&scaron;u da ministar za ljudska i manjinska prava Ferhat Dini&scaron;a podnese ostavku, a da premijer Skup&scaron;tini predlo\u017ei njegovo razrije&scaron;enje. <\/p>\n<p>Potpisnici izra\u017eavaju protest zbog Dino&scaron;inog &quot;javno iskazanog odnosa prema pripadnicima seksualnih manjina, koji ga u potpunosti diskvalifikuje kao osobu koja bi mogla biti nadle\u017ena za dalje unaprije\u0111ivanje ljudskih prava svih gra\u0111ana Crne Gore&quot;.<\/p>\n<p>&quot;Nakon nekoliko dana, po&scaron;to su uslijedile veoma o&scaron;tre i argumentovane reakcije iz doma\u0107e i me\u0111unarodne javnosti, Va&scaron; ministar zadu\u017een za za&scaron;titu ljudskih i manjinskih prava objavio je, na internet stranici Va&scaron;e Vlade, poja&scaron;njenje u kome ni na koji na\u010din nije izrazio \u017ealjenje zbog prijethodno izre\u010dene ocjene.<\/p>\n<p>Cijenimo da je na ovaj na\u010din, ministar ljudskih i manjinskih prava dokazao svoje nedovoljne kapacitete za obavljanje veoma odgovorne du\u017enosti koju ste mu Vi i Skup&scaron;tina Crne Gore povjerili u ime svih crnogorskih gra\u0111ana\/ki&quot;, navedeno je u pismu iza kojeg stoje <em>Centar za gra\u0111ansko obrazovanje, Akcija za ljudska prava, Centar za \u017eensko i mirovno obrazovanje &#8211; Anima, Sigurna \u017eenska ku\u0107a, Institut Alternativa, Centar za anti-diskriminaciju Ekvista, Expeditio, Omladinski kulturni centar Juventas, Evropski pokret u Crnoj Gori, SOS telefon za \u017eene u djecu \u017ertve nasilja Nik&scaron;i\u0107, Forum mladi i neformalna edukacija, Centar za monitoring, Mre\u017ea za afirmaciju nevladinog sektora i Aleksandar Sa&scaron;a Zekovi\u0107, istra\u017eiva\u010d kr&scaron;enja ljudskih prava. <\/em><\/p>\n","protected":false},"excerpt":{"rendered":"<p>Vi&scaron;e nevladinih organizacija je uputilo danas otvoreno pismo predsjedniku Vlade Crne Gore Milu \u0110ukanovi\u0107u u kome sugeri&scaron;u da ministar za ljudska i manjinska prava Ferhat Dini&scaron;a podnese ostavku, a da premijer Skup&scaron;tini predlo\u017ei njegovo razrije&scaron;enje. Potpisnici izra\u017eavaju protest zbog Dino&scaron;inog &quot;javno iskazanog odnosa prema pripadnicima seksualnih manjina, koji ga u potpunosti diskvalifikuje kao osobu koja [&hellip;]<\/p>\n","protected":false},"author":1,"featured_media":0,"comment_status":"open","ping_status":"closed","sticky":false,"template":"","format":"standard","meta":{"_seopress_robots_primary_cat":"","_seopress_titles_title":"","_seopress_titles_desc":"","_seopress_robots_index":"","_et_pb_use_builder":"","_et_pb_old_content":"","_et_gb_content_width":"","inline_featured_image":false,"footnotes":""},"categories":[14],"tags":[],"class_list":["post-32603","post","type-post","status-publish","format-standard","hentry","category-vijesti"],"_links":{"self":[{"href":"https:\/\/www.pcnen.com\/portal\/wp-json\/wp\/v2\/posts\/32603","targetHints":{"allow":["GET"]}}],"collection":[{"href":"https:\/\/www.pcnen.com\/portal\/wp-json\/wp\/v2\/posts"}],"about":[{"href":"https:\/\/www.pcnen.com\/portal\/wp-json\/wp\/v2\/types\/post"}],"author":[{"embeddable":true,"href":"https:\/\/www.pcnen.com\/portal\/wp-json\/wp\/v2\/users\/1"}],"replies":[{"embeddable":true,"href":"https:\/\/www.pcnen.com\/portal\/wp-json\/wp\/v2\/comments?post=32603"}],"version-history":[{"count":0,"href":"https:\/\/www.pcnen.com\/portal\/wp-json\/wp\/v2\/posts\/32603\/revisions"}],"wp:attachment":[{"href":"https:\/\/www.pcnen.com\/portal\/wp-json\/wp\/v2\/media?parent=32603"}],"wp:term":[{"taxonomy":"category","embeddable":true,"href":"https:\/\/www.pcnen.com\/portal\/wp-json\/wp\/v2\/categories?post=32603"},{"taxonomy":"post_tag","embeddable":true,"href":"https:\/\/www.pcnen.com\/portal\/wp-json\/wp\/v2\/tags?post=32603"}],"curies":[{"name":"wp","href":"https:\/\/api.w.org\/{rel}","templated":true}]}}