{"id":32598,"date":"2009-11-10T16:35:27","date_gmt":"2009-11-10T16:35:27","guid":{"rendered":"http:\/\/www.pcnen.com\/portal\/?p=32598"},"modified":"2009-11-10T16:35:27","modified_gmt":"2009-11-10T16:35:27","slug":"durisic-ponovo-direktor-cetinjske-gimnazije","status":"publish","type":"post","link":"https:\/\/www.pcnen.com\/portal\/2009\/11\/10\/durisic-ponovo-direktor-cetinjske-gimnazije\/","title":{"rendered":"\u0110uri\u0161i\u0107 ponovo direktor Cetinjske gimnazije"},"content":{"rendered":"<p>Na novom konkursu \u0110uri&scaron;i\u0107 je imao tri protivkandidata.<\/p>\n","protected":false},"excerpt":{"rendered":"<p>&Scaron;kolski odbor Cetinjske gimnazije je danas jednoglasno izabrao za direktora Miomira \u0110uri&scaron;i\u0107a, &scaron;to je bila i \u017eelja u\u010denika te &scaron;kole, koji su bojkotovali nastavu du\u017ee od mjesec dana iz protesta &scaron;to su dr\u017eavne prosvjetne vlasti bile protivne reizboru \u0110uri&scaron;i\u0107a.<\/p>\n","protected":false},"author":1,"featured_media":0,"comment_status":"open","ping_status":"closed","sticky":false,"template":"","format":"standard","meta":{"_seopress_robots_primary_cat":"","_seopress_titles_title":"","_seopress_titles_desc":"","_seopress_robots_index":"","_et_pb_use_builder":"","_et_pb_old_content":"","_et_gb_content_width":"","inline_featured_image":false,"footnotes":""},"categories":[14],"tags":[],"class_list":["post-32598","post","type-post","status-publish","format-standard","hentry","category-vijesti"],"_links":{"self":[{"href":"https:\/\/www.pcnen.com\/portal\/wp-json\/wp\/v2\/posts\/32598","targetHints":{"allow":["GET"]}}],"collection":[{"href":"https:\/\/www.pcnen.com\/portal\/wp-json\/wp\/v2\/posts"}],"about":[{"href":"https:\/\/www.pcnen.com\/portal\/wp-json\/wp\/v2\/types\/post"}],"author":[{"embeddable":true,"href":"https:\/\/www.pcnen.com\/portal\/wp-json\/wp\/v2\/users\/1"}],"replies":[{"embeddable":true,"href":"https:\/\/www.pcnen.com\/portal\/wp-json\/wp\/v2\/comments?post=32598"}],"version-history":[{"count":0,"href":"https:\/\/www.pcnen.com\/portal\/wp-json\/wp\/v2\/posts\/32598\/revisions"}],"wp:attachment":[{"href":"https:\/\/www.pcnen.com\/portal\/wp-json\/wp\/v2\/media?parent=32598"}],"wp:term":[{"taxonomy":"category","embeddable":true,"href":"https:\/\/www.pcnen.com\/portal\/wp-json\/wp\/v2\/categories?post=32598"},{"taxonomy":"post_tag","embeddable":true,"href":"https:\/\/www.pcnen.com\/portal\/wp-json\/wp\/v2\/tags?post=32598"}],"curies":[{"name":"wp","href":"https:\/\/api.w.org\/{rel}","templated":true}]}}