{"id":32586,"date":"2009-11-10T10:06:57","date_gmt":"2009-11-10T10:06:57","guid":{"rendered":"http:\/\/www.pcnen.com\/portal\/?p=32586"},"modified":"2009-11-10T10:06:57","modified_gmt":"2009-11-10T10:06:57","slug":"oko-80-000-drzavljana-bih-bice-vraceno-u-zemlju","status":"publish","type":"post","link":"https:\/\/www.pcnen.com\/portal\/2009\/11\/10\/oko-80-000-drzavljana-bih-bice-vraceno-u-zemlju\/","title":{"rendered":"Oko 80.000 dr\u017eavljana BiH bi\u0107e vra\u0107eno u zemlju"},"content":{"rendered":"<p>Ministar za ljudska prava i izbjeglice Safet Halilovi\u0107 je upozorio da bi svakog dana mogao biti pokrenut ekstradicioni postupak za oko 80.000 dr\u017eavljana BiH koji u dijaspori nemaju rije&scaron;en status.<\/p>\n<p>&quot;Pitanje je dana kada \u0107e ti ljudi biti isporu\u010deni u BiH. Ve\u0107ina njih nalazi se u susjednim zemljama i njihov status trebalo bi rije&scaron;iti me\u0111udr\u017eavnim sporazumima. Trenutno nam je prioritet rije&scaron;iti status tih ljudi&quot;, rekao je Halilovi\u0107 za <em>Dnevni avaz<\/em>.<\/p>\n","protected":false},"excerpt":{"rendered":"<p>Ministar za ljudska prava i izbjeglice Safet Halilovi\u0107 je upozorio da bi svakog dana mogao biti pokrenut ekstradicioni postupak za oko 80.000 dr\u017eavljana BiH koji u dijaspori nemaju rije&scaron;en status. &quot;Pitanje je dana kada \u0107e ti ljudi biti isporu\u010deni u BiH. Ve\u0107ina njih nalazi se u susjednim zemljama i njihov status trebalo bi rije&scaron;iti me\u0111udr\u017eavnim [&hellip;]<\/p>\n","protected":false},"author":1,"featured_media":0,"comment_status":"open","ping_status":"closed","sticky":false,"template":"","format":"standard","meta":{"_seopress_robots_primary_cat":"","_seopress_titles_title":"","_seopress_titles_desc":"","_seopress_robots_index":"","_et_pb_use_builder":"","_et_pb_old_content":"","_et_gb_content_width":"","inline_featured_image":false,"footnotes":""},"categories":[14],"tags":[],"class_list":["post-32586","post","type-post","status-publish","format-standard","hentry","category-vijesti"],"_links":{"self":[{"href":"https:\/\/www.pcnen.com\/portal\/wp-json\/wp\/v2\/posts\/32586","targetHints":{"allow":["GET"]}}],"collection":[{"href":"https:\/\/www.pcnen.com\/portal\/wp-json\/wp\/v2\/posts"}],"about":[{"href":"https:\/\/www.pcnen.com\/portal\/wp-json\/wp\/v2\/types\/post"}],"author":[{"embeddable":true,"href":"https:\/\/www.pcnen.com\/portal\/wp-json\/wp\/v2\/users\/1"}],"replies":[{"embeddable":true,"href":"https:\/\/www.pcnen.com\/portal\/wp-json\/wp\/v2\/comments?post=32586"}],"version-history":[{"count":0,"href":"https:\/\/www.pcnen.com\/portal\/wp-json\/wp\/v2\/posts\/32586\/revisions"}],"wp:attachment":[{"href":"https:\/\/www.pcnen.com\/portal\/wp-json\/wp\/v2\/media?parent=32586"}],"wp:term":[{"taxonomy":"category","embeddable":true,"href":"https:\/\/www.pcnen.com\/portal\/wp-json\/wp\/v2\/categories?post=32586"},{"taxonomy":"post_tag","embeddable":true,"href":"https:\/\/www.pcnen.com\/portal\/wp-json\/wp\/v2\/tags?post=32586"}],"curies":[{"name":"wp","href":"https:\/\/api.w.org\/{rel}","templated":true}]}}