{"id":32584,"date":"2009-11-09T22:52:49","date_gmt":"2009-11-09T22:52:49","guid":{"rendered":"http:\/\/www.pcnen.com\/portal\/?p=32584"},"modified":"2009-11-09T22:52:49","modified_gmt":"2009-11-09T22:52:49","slug":"papa-doseljenici-su-prilika-za-razvoj","status":"publish","type":"post","link":"https:\/\/www.pcnen.com\/portal\/2009\/11\/09\/papa-doseljenici-su-prilika-za-razvoj\/","title":{"rendered":"Papa: Doseljenici su prilika za razvoj"},"content":{"rendered":"<p>Doseljenike ne treba smatrati problemom, ve\u0107 bogatstvom i velikom prilikom za razvoj, glavna je misao govora pape Benedikta XVI koji je uputio u\u010desnicima &scaron;estog Svjetskog kongresa za du&scaron;ebri\u017eni&scaron;tvo selilaca i putnika, primiv&scaron;i ih danas u audijenciju, javlja <em><a href=\"http:\/\/www.oecumene.radiovaticana.org\/cro\/Articolo.asp?c=333169\">Radio Vatikan<\/a>.<\/em> <\/p>\n<p>Papa je svoje obra\u0107anje zavr&scaron;io rije\u010dima da treba dati adekvatne odgovore na velike dru&scaron;tvene promjene koje su u toku, imaju\u0107i jasno na umu da ne mo\u017ee do\u0107i do stvarnoga razvoja ako se ne podr\u017eavaju susreti me\u0111u narodima, dijalog me\u0111u kulturama i po&scaron;tovanje opravdanih razlika.<\/p>\n","protected":false},"excerpt":{"rendered":"<p>Doseljenike ne treba smatrati problemom, ve\u0107 bogatstvom i velikom prilikom za razvoj, glavna je misao govora pape Benedikta XVI koji je uputio u\u010desnicima &scaron;estog Svjetskog kongresa za du&scaron;ebri\u017eni&scaron;tvo selilaca i putnika, primiv&scaron;i ih danas u audijenciju, javlja Radio Vatikan. Papa je svoje obra\u0107anje zavr&scaron;io rije\u010dima da treba dati adekvatne odgovore na velike dru&scaron;tvene promjene koje [&hellip;]<\/p>\n","protected":false},"author":1,"featured_media":0,"comment_status":"open","ping_status":"closed","sticky":false,"template":"","format":"standard","meta":{"_seopress_robots_primary_cat":"","_seopress_titles_title":"","_seopress_titles_desc":"","_seopress_robots_index":"","_et_pb_use_builder":"","_et_pb_old_content":"","_et_gb_content_width":"","inline_featured_image":false,"footnotes":""},"categories":[14],"tags":[],"class_list":["post-32584","post","type-post","status-publish","format-standard","hentry","category-vijesti"],"_links":{"self":[{"href":"https:\/\/www.pcnen.com\/portal\/wp-json\/wp\/v2\/posts\/32584","targetHints":{"allow":["GET"]}}],"collection":[{"href":"https:\/\/www.pcnen.com\/portal\/wp-json\/wp\/v2\/posts"}],"about":[{"href":"https:\/\/www.pcnen.com\/portal\/wp-json\/wp\/v2\/types\/post"}],"author":[{"embeddable":true,"href":"https:\/\/www.pcnen.com\/portal\/wp-json\/wp\/v2\/users\/1"}],"replies":[{"embeddable":true,"href":"https:\/\/www.pcnen.com\/portal\/wp-json\/wp\/v2\/comments?post=32584"}],"version-history":[{"count":0,"href":"https:\/\/www.pcnen.com\/portal\/wp-json\/wp\/v2\/posts\/32584\/revisions"}],"wp:attachment":[{"href":"https:\/\/www.pcnen.com\/portal\/wp-json\/wp\/v2\/media?parent=32584"}],"wp:term":[{"taxonomy":"category","embeddable":true,"href":"https:\/\/www.pcnen.com\/portal\/wp-json\/wp\/v2\/categories?post=32584"},{"taxonomy":"post_tag","embeddable":true,"href":"https:\/\/www.pcnen.com\/portal\/wp-json\/wp\/v2\/tags?post=32584"}],"curies":[{"name":"wp","href":"https:\/\/api.w.org\/{rel}","templated":true}]}}