{"id":32579,"date":"2009-11-09T19:53:47","date_gmt":"2009-11-09T19:53:47","guid":{"rendered":"http:\/\/www.pcnen.com\/portal\/?p=32579"},"modified":"2009-11-09T19:53:47","modified_gmt":"2009-11-09T19:53:47","slug":"svaki-sesti-evropljanin-osjeca-se-diskriminisanim","status":"publish","type":"post","link":"https:\/\/www.pcnen.com\/portal\/2009\/11\/09\/svaki-sesti-evropljanin-osjeca-se-diskriminisanim\/","title":{"rendered":"Svaki \u0161esti Evropljanin osje\u0107a se diskriminisanim"},"content":{"rendered":"<p>Za &scaron;est odsto Evropljana godine starosti bile su razlog diskriminacije, za tri odsto to je bio pol, za po dva odsto etni\u010dka pripadnost i invaliditet, a za po jedan odsto religija i seksualna orijentacija. <\/p>\n<p>Ve\u0107ina gra\u0111ana Evrope (64 odsto) strahuje od mogu\u0107eg porasta starosne diskriminacije na tr\u017ei&scaron;tu rada, i to zbog ekonomske krize. <\/p>\n<p>Istra\u017eivanje je sprovedeno u 30 zemalja Evrope (27 zemalja \u010dlanica EU i tri zemlje koje imaju status kandidata za \u010dlanstvo u Uniji &#8211; Hrvatska, Turska i Makedonija).<\/p>\n","protected":false},"excerpt":{"rendered":"<p>Svaki &scaron;esti Evropljanin ka\u017ee da je tokom 2009. bio \u017ertva diskriminacije i to najprije zbog godina, u kontekstu ekonomske krize, pokazalo je danas predstavljeno istra\u017eivanje <em><a href=\"http:\/\/ec.europa.eu\/public_opinion\/index_en.htm\">Eurobarometra<\/a><\/em>, javlja <a href=\"http:\/\/www.slobodnaevropa.org\/archive\/news\/latest\/500\/500.html?id=1873522\"><em>Radio Slobodna Evropa<\/em>.<\/a><\/p>\n","protected":false},"author":1,"featured_media":0,"comment_status":"open","ping_status":"closed","sticky":false,"template":"","format":"standard","meta":{"_seopress_robots_primary_cat":"","_seopress_titles_title":"","_seopress_titles_desc":"","_seopress_robots_index":"","_et_pb_use_builder":"","_et_pb_old_content":"","_et_gb_content_width":"","inline_featured_image":false,"footnotes":""},"categories":[14],"tags":[],"class_list":["post-32579","post","type-post","status-publish","format-standard","hentry","category-vijesti"],"_links":{"self":[{"href":"https:\/\/www.pcnen.com\/portal\/wp-json\/wp\/v2\/posts\/32579","targetHints":{"allow":["GET"]}}],"collection":[{"href":"https:\/\/www.pcnen.com\/portal\/wp-json\/wp\/v2\/posts"}],"about":[{"href":"https:\/\/www.pcnen.com\/portal\/wp-json\/wp\/v2\/types\/post"}],"author":[{"embeddable":true,"href":"https:\/\/www.pcnen.com\/portal\/wp-json\/wp\/v2\/users\/1"}],"replies":[{"embeddable":true,"href":"https:\/\/www.pcnen.com\/portal\/wp-json\/wp\/v2\/comments?post=32579"}],"version-history":[{"count":0,"href":"https:\/\/www.pcnen.com\/portal\/wp-json\/wp\/v2\/posts\/32579\/revisions"}],"wp:attachment":[{"href":"https:\/\/www.pcnen.com\/portal\/wp-json\/wp\/v2\/media?parent=32579"}],"wp:term":[{"taxonomy":"category","embeddable":true,"href":"https:\/\/www.pcnen.com\/portal\/wp-json\/wp\/v2\/categories?post=32579"},{"taxonomy":"post_tag","embeddable":true,"href":"https:\/\/www.pcnen.com\/portal\/wp-json\/wp\/v2\/tags?post=32579"}],"curies":[{"name":"wp","href":"https:\/\/api.w.org\/{rel}","templated":true}]}}