{"id":325777,"date":"2021-08-17T17:09:54","date_gmt":"2021-08-17T15:09:54","guid":{"rendered":"https:\/\/www.pcnen.com\/portal\/?p=325777"},"modified":"2021-08-17T17:10:07","modified_gmt":"2021-08-17T15:10:07","slug":"vucic-procitao-sam-gluposti-oko-krivokapicevog-dolaska-u-beograd","status":"publish","type":"post","link":"https:\/\/www.pcnen.com\/portal\/2021\/08\/17\/vucic-procitao-sam-gluposti-oko-krivokapicevog-dolaska-u-beograd\/","title":{"rendered":"Vu\u010di\u0107: Pro\u010ditao sam gluposti oko Krivokapi\u0107evog dolaska u Beograd"},"content":{"rendered":"<p>Predsjednik Srbije Aleksandar Vu\u010di\u0107 pro\u010ditao <a href=\"https:\/\/www.pcnen.com\/portal\/2021\/08\/17\/krivokapic-da-nije-bilo-mitropolita-amfilohija-odustao-bih-od-predvodenja-koalicije\/\">gluposti oko Krivokapi\u0107evog dolaska<\/a> u Beograd, i pitanja da li \u0107e Joanikije biti izabran za mitropolita.<\/p>\n<p>&#8220;Politika zasnovana na tra\u010devima i besmislicama nije politika, verujem samo u politiku rezultata&#8221;, dodao je on, prenosi Tanjug.<\/p>\n<p>&#8220;Niste primetili da se i danas u medijima vodi hajka protiv Srbije. Pi\u0161u da Srbija ho\u0107e ne\u0161to, ali Srbija ne\u0107e ni\u0161ta. \u0160to pri\u010date svaki dan da ne\u0161to ho\u0107emo? Mi ne\u0107emo ni\u0161ta, ne pri\u010damo za rezolucije, vakcine, ambasadora. Svaki dan ne\u0161to kukate i \u017ealite se. Prestanite sa kukanjem i \u017ealopojkama&#8221;, poru\u010dio je Vu\u010di\u0107.<\/p>\n<blockquote><p><em>\u201cShvatio sam da mi se ne\u0161to sprema. Me\u0111utim, klju\u010dni trenutak je bio u srijedu kad sam dobio poziv od jednog lidera Demokratskog fronta koji mi je rekao da ne\u0107e biti izabran mitropolit i da \u0107u ja biti krivac za sve. Odgovorio sam da ja znam \u0161ta je istina i da bi istoro\u0161eni politi\u010dari i naru\u010deni analiti\u010dari trebalo dobro da razmisle jesu li stavili prst u bo\u017eji sasud. Time je bio zavr\u0161en taj razgovor. Kasnije, u jutarnjim \u010dasovima, ba\u0161 kad sam bio u Sabornom hramu, dobio samo poziv tokom kog mi je re\u010deno da, ukoliko ne do\u0111em u Beograd, Joanikije ne\u0107e biti izabran za mitropolita. Sticajem okolnosti, taj dan sam imao Premijerski sat, tokom kog je bila vrlo \u017eustra rasprava sa jednim liderom DF. Istog dana moja supruga je zavr\u0161ila na intenzivnoj nezi zbog velikog stresa\u201d, <a href=\"https:\/\/nova.rs\/vesti\/politika\/krivokapic-imao-sam-informacije-da-se-sprema-drzavni-udar\/\">rekao je Krivokapi\u0107 u intervjuu.<\/a><\/em><\/p><\/blockquote>\n","protected":false},"excerpt":{"rendered":"<p>Politika zasnovana na tra\u010devima i besmislicama nije politika, verujem samo u politiku rezultata<\/p>\n","protected":false},"author":1,"featured_media":296620,"comment_status":"open","ping_status":"closed","sticky":false,"template":"","format":"standard","meta":{"_seopress_robots_primary_cat":"","_seopress_titles_title":"","_seopress_titles_desc":"","_seopress_robots_index":"","_et_pb_use_builder":"","_et_pb_old_content":"","_et_gb_content_width":"","inline_featured_image":false,"footnotes":""},"categories":[14],"tags":[],"class_list":["post-325777","post","type-post","status-publish","format-standard","has-post-thumbnail","hentry","category-vijesti"],"_links":{"self":[{"href":"https:\/\/www.pcnen.com\/portal\/wp-json\/wp\/v2\/posts\/325777","targetHints":{"allow":["GET"]}}],"collection":[{"href":"https:\/\/www.pcnen.com\/portal\/wp-json\/wp\/v2\/posts"}],"about":[{"href":"https:\/\/www.pcnen.com\/portal\/wp-json\/wp\/v2\/types\/post"}],"author":[{"embeddable":true,"href":"https:\/\/www.pcnen.com\/portal\/wp-json\/wp\/v2\/users\/1"}],"replies":[{"embeddable":true,"href":"https:\/\/www.pcnen.com\/portal\/wp-json\/wp\/v2\/comments?post=325777"}],"version-history":[{"count":2,"href":"https:\/\/www.pcnen.com\/portal\/wp-json\/wp\/v2\/posts\/325777\/revisions"}],"predecessor-version":[{"id":325779,"href":"https:\/\/www.pcnen.com\/portal\/wp-json\/wp\/v2\/posts\/325777\/revisions\/325779"}],"wp:featuredmedia":[{"embeddable":true,"href":"https:\/\/www.pcnen.com\/portal\/wp-json\/wp\/v2\/media\/296620"}],"wp:attachment":[{"href":"https:\/\/www.pcnen.com\/portal\/wp-json\/wp\/v2\/media?parent=325777"}],"wp:term":[{"taxonomy":"category","embeddable":true,"href":"https:\/\/www.pcnen.com\/portal\/wp-json\/wp\/v2\/categories?post=325777"},{"taxonomy":"post_tag","embeddable":true,"href":"https:\/\/www.pcnen.com\/portal\/wp-json\/wp\/v2\/tags?post=325777"}],"curies":[{"name":"wp","href":"https:\/\/api.w.org\/{rel}","templated":true}]}}