{"id":32565,"date":"2009-11-09T09:51:09","date_gmt":"2009-11-09T09:51:09","guid":{"rendered":"http:\/\/www.pcnen.com\/portal\/?p=32565"},"modified":"2009-11-09T09:51:09","modified_gmt":"2009-11-09T09:51:09","slug":"svjetski-dan-borbe-protiv-fasizma","status":"publish","type":"post","link":"https:\/\/www.pcnen.com\/portal\/2009\/11\/09\/svjetski-dan-borbe-protiv-fasizma\/","title":{"rendered":"Svjetski dan borbe protiv fa\u0161izma"},"content":{"rendered":"<p>Danas se obilje\u017eava Svjetski dan borbe protiv fa&scaron;izma, rasizma, antisemitizma i ksenofobije kao dan sje\u0107anja na 9. novembar 1938. godine, kada je u gradovima nacisti\u010dke Njema\u010dke ubijeno vi&scaron;e od 90 Jevreja, demolirano 7.000 jevrejskih ku\u0107a i prodavnica i spaljeno na stotine sinagoga. <\/p>\n<p>Taj doga\u0111aj, koji je ozna\u010dio po\u010detak nacisti\u010dkog progona Jevreja, nazvan je <em><a href=\"http:\/\/sr.wikipedia.org\/wiki\/%D0%9A%D1%80%D0%B8%D1%81%D1%82%D0%B0%D0%BB%D0%BD%D0%B0_%D0%BD%D0%BE%D1%9B\">Kristalna no\u0107<\/a>,<\/em> jer su ulice Berlina i drugih njema\u010dkih gradova bile prekrivene razbijenim staklom.<\/p>\n","protected":false},"excerpt":{"rendered":"<p>Danas se obilje\u017eava Svjetski dan borbe protiv fa&scaron;izma, rasizma, antisemitizma i ksenofobije kao dan sje\u0107anja na 9. novembar 1938. godine, kada je u gradovima nacisti\u010dke Njema\u010dke ubijeno vi&scaron;e od 90 Jevreja, demolirano 7.000 jevrejskih ku\u0107a i prodavnica i spaljeno na stotine sinagoga. Taj doga\u0111aj, koji je ozna\u010dio po\u010detak nacisti\u010dkog progona Jevreja, nazvan je Kristalna no\u0107, [&hellip;]<\/p>\n","protected":false},"author":1,"featured_media":0,"comment_status":"open","ping_status":"closed","sticky":false,"template":"","format":"standard","meta":{"_seopress_robots_primary_cat":"","_seopress_titles_title":"","_seopress_titles_desc":"","_seopress_robots_index":"","_et_pb_use_builder":"","_et_pb_old_content":"","_et_gb_content_width":"","inline_featured_image":false,"footnotes":""},"categories":[14],"tags":[],"class_list":["post-32565","post","type-post","status-publish","format-standard","hentry","category-vijesti"],"_links":{"self":[{"href":"https:\/\/www.pcnen.com\/portal\/wp-json\/wp\/v2\/posts\/32565","targetHints":{"allow":["GET"]}}],"collection":[{"href":"https:\/\/www.pcnen.com\/portal\/wp-json\/wp\/v2\/posts"}],"about":[{"href":"https:\/\/www.pcnen.com\/portal\/wp-json\/wp\/v2\/types\/post"}],"author":[{"embeddable":true,"href":"https:\/\/www.pcnen.com\/portal\/wp-json\/wp\/v2\/users\/1"}],"replies":[{"embeddable":true,"href":"https:\/\/www.pcnen.com\/portal\/wp-json\/wp\/v2\/comments?post=32565"}],"version-history":[{"count":0,"href":"https:\/\/www.pcnen.com\/portal\/wp-json\/wp\/v2\/posts\/32565\/revisions"}],"wp:attachment":[{"href":"https:\/\/www.pcnen.com\/portal\/wp-json\/wp\/v2\/media?parent=32565"}],"wp:term":[{"taxonomy":"category","embeddable":true,"href":"https:\/\/www.pcnen.com\/portal\/wp-json\/wp\/v2\/categories?post=32565"},{"taxonomy":"post_tag","embeddable":true,"href":"https:\/\/www.pcnen.com\/portal\/wp-json\/wp\/v2\/tags?post=32565"}],"curies":[{"name":"wp","href":"https:\/\/api.w.org\/{rel}","templated":true}]}}