{"id":32558,"date":"2009-11-08T18:03:35","date_gmt":"2009-11-08T18:03:35","guid":{"rendered":"http:\/\/www.pcnen.com\/portal\/?p=32558"},"modified":"2009-11-08T18:03:35","modified_gmt":"2009-11-08T18:03:35","slug":"ahtisari-ko-hoce-u-eu-mora-da-prizna-kosovo","status":"publish","type":"post","link":"https:\/\/www.pcnen.com\/portal\/2009\/11\/08\/ahtisari-ko-hoce-u-eu-mora-da-prizna-kosovo\/","title":{"rendered":"Ahtisari: Ko ho\u0107e u EU, mora da prizna Kosovo"},"content":{"rendered":"<p>Biv&scaron;i evropski pregovara\u010d o statusu Kosova Marti Ahtisari izjavio je &scaron;panskom listu <em>Mundo<\/em> da &quot;sve zemlje koje \u017eele da postanu \u010dlanice Evropske unije, a posebneo one na Balkanu, moraju priznati da je Kosovo nezavisno&quot;, prenosi Beta.<\/p>\n<p>&Scaron;panski list pi&scaron;e da je Ahtisari &quot;otac kosovske nezavisnosti&quot; i dodaje da je biv&scaron;i finski predsjednik &quot;zadovoljan napretkom svoje kreature skoro dvije godine po&scaron;to je on na papiru dao na svijet uz srpski veto i posle mu\u010dnih pregovora&quot;.<\/p>\n<p>Ahtisari &quot;\u010dupa za u&scaron;i &Scaron;paniju i Gr\u010dku&quot; koje nisu priznale nezavisnost Kosova, kako to navodi madridski dnevnik, i smatra da je &quot;to veoma za \u017ealjenje i da se nada da \u0107e se taj stav promijeniti&quot;.<\/p>\n<p>&quot;U svakom slu\u010daju je to jedinstven slu\u010daj koji ne treba da brine &Scaron;pance i ne predstavlja nikakav presedan&quot;, navodi Mundo rije\u010di Ahtisarija koji nagla&scaron;ava da &quot;se to ne mo\u017ee primjenjivati u drugim situacijama u svijetu&quot;.<\/p>\n","protected":false},"excerpt":{"rendered":"<p>Biv&scaron;i evropski pregovara\u010d o statusu Kosova Marti Ahtisari izjavio je &scaron;panskom listu Mundo da &quot;sve zemlje koje \u017eele da postanu \u010dlanice Evropske unije, a posebneo one na Balkanu, moraju priznati da je Kosovo nezavisno&quot;, prenosi Beta. &Scaron;panski list pi&scaron;e da je Ahtisari &quot;otac kosovske nezavisnosti&quot; i dodaje da je biv&scaron;i finski predsjednik &quot;zadovoljan napretkom svoje [&hellip;]<\/p>\n","protected":false},"author":1,"featured_media":0,"comment_status":"open","ping_status":"closed","sticky":false,"template":"","format":"standard","meta":{"_seopress_robots_primary_cat":"","_seopress_titles_title":"","_seopress_titles_desc":"","_seopress_robots_index":"","_et_pb_use_builder":"","_et_pb_old_content":"","_et_gb_content_width":"","inline_featured_image":false,"footnotes":""},"categories":[14],"tags":[],"class_list":["post-32558","post","type-post","status-publish","format-standard","hentry","category-vijesti"],"_links":{"self":[{"href":"https:\/\/www.pcnen.com\/portal\/wp-json\/wp\/v2\/posts\/32558","targetHints":{"allow":["GET"]}}],"collection":[{"href":"https:\/\/www.pcnen.com\/portal\/wp-json\/wp\/v2\/posts"}],"about":[{"href":"https:\/\/www.pcnen.com\/portal\/wp-json\/wp\/v2\/types\/post"}],"author":[{"embeddable":true,"href":"https:\/\/www.pcnen.com\/portal\/wp-json\/wp\/v2\/users\/1"}],"replies":[{"embeddable":true,"href":"https:\/\/www.pcnen.com\/portal\/wp-json\/wp\/v2\/comments?post=32558"}],"version-history":[{"count":0,"href":"https:\/\/www.pcnen.com\/portal\/wp-json\/wp\/v2\/posts\/32558\/revisions"}],"wp:attachment":[{"href":"https:\/\/www.pcnen.com\/portal\/wp-json\/wp\/v2\/media?parent=32558"}],"wp:term":[{"taxonomy":"category","embeddable":true,"href":"https:\/\/www.pcnen.com\/portal\/wp-json\/wp\/v2\/categories?post=32558"},{"taxonomy":"post_tag","embeddable":true,"href":"https:\/\/www.pcnen.com\/portal\/wp-json\/wp\/v2\/tags?post=32558"}],"curies":[{"name":"wp","href":"https:\/\/api.w.org\/{rel}","templated":true}]}}