{"id":32556,"date":"2009-11-08T13:47:31","date_gmt":"2009-11-08T13:47:31","guid":{"rendered":"http:\/\/www.pcnen.com\/portal\/?p=32556"},"modified":"2009-11-08T13:47:31","modified_gmt":"2009-11-08T13:47:31","slug":"anima-trazi-ostavku-dinose","status":"publish","type":"post","link":"https:\/\/www.pcnen.com\/portal\/2009\/11\/08\/anima-trazi-ostavku-dinose\/","title":{"rendered":"&#8216;Anima&#8217; tra\u017ei ostavku Dino\u0161e"},"content":{"rendered":"<p>Centar za \u017eensko i mirovno obrazovanje Kotor &#8211; Anima iz Kotora su se pridru\u017eili zahtjevu Sigurne \u017eenske ku\u0107e, Akcije za ljudska prava i Centru za gra\u0111ansko&nbsp; obrazovanje koje su tra\u017eile da ministar za manjinska i ljudska prava Ferhat Dino&scaron;a podnese ostavku, a da se premijer Milo \u0110ukanovi\u0107 i Vlada &quot;ograde od njegovih skandaloznih izjava u vezi sa postojanjem LGB populacije u Crnoj Gori&quot;.<\/p>\n<p>Ovom&nbsp; skandaloznom izjavom o postojanju LGB popilacije u Crnoj Gori ministar Dino&scaron;a &nbsp;je pokazao&nbsp; da ne posjeduje elementarna znanja o ljudskim pravima i slobodama,&nbsp; niti mo\u017ee zagovarati politiku rodne ravnopravnosti, poru\u010dila je <em>Anima<\/em>, navode\u0107i Dino&scaron;inu izjavu za televiziji <em>Vijesti<\/em>:<\/p>\n<p>&quot;Ne znam koliko je to prisuno u Crnoj Gori, ali ka\u017eem za ovaj ambijent to nije dobra vijest. Ja da budem iskren, i ja bih bio taj koji ne bi bio mnogo sre\u0107an &scaron;to bi se to imalo u Crnoj Gori. Me\u0111utim, kao \u010dovjek koji radi posao koji radi i kao \u010dovjek van toga posla, spreman sam da priznam da se to de&scaron;ava, da se to ima i da takvi slu\u010dajevima treba veliki prostor za disanje, ako ne stvoriti ono ne zagu&scaron;ivati&quot;.<\/p>\n","protected":false},"excerpt":{"rendered":"<p>Centar za \u017eensko i mirovno obrazovanje Kotor &#8211; Anima iz Kotora su se pridru\u017eili zahtjevu Sigurne \u017eenske ku\u0107e, Akcije za ljudska prava i Centru za gra\u0111ansko&nbsp; obrazovanje koje su tra\u017eile da ministar za manjinska i ljudska prava Ferhat Dino&scaron;a podnese ostavku, a da se premijer Milo \u0110ukanovi\u0107 i Vlada &quot;ograde od njegovih skandaloznih izjava u [&hellip;]<\/p>\n","protected":false},"author":1,"featured_media":0,"comment_status":"open","ping_status":"closed","sticky":false,"template":"","format":"standard","meta":{"_seopress_robots_primary_cat":"","_seopress_titles_title":"","_seopress_titles_desc":"","_seopress_robots_index":"","_et_pb_use_builder":"","_et_pb_old_content":"","_et_gb_content_width":"","inline_featured_image":false,"footnotes":""},"categories":[14],"tags":[],"class_list":["post-32556","post","type-post","status-publish","format-standard","hentry","category-vijesti"],"_links":{"self":[{"href":"https:\/\/www.pcnen.com\/portal\/wp-json\/wp\/v2\/posts\/32556","targetHints":{"allow":["GET"]}}],"collection":[{"href":"https:\/\/www.pcnen.com\/portal\/wp-json\/wp\/v2\/posts"}],"about":[{"href":"https:\/\/www.pcnen.com\/portal\/wp-json\/wp\/v2\/types\/post"}],"author":[{"embeddable":true,"href":"https:\/\/www.pcnen.com\/portal\/wp-json\/wp\/v2\/users\/1"}],"replies":[{"embeddable":true,"href":"https:\/\/www.pcnen.com\/portal\/wp-json\/wp\/v2\/comments?post=32556"}],"version-history":[{"count":0,"href":"https:\/\/www.pcnen.com\/portal\/wp-json\/wp\/v2\/posts\/32556\/revisions"}],"wp:attachment":[{"href":"https:\/\/www.pcnen.com\/portal\/wp-json\/wp\/v2\/media?parent=32556"}],"wp:term":[{"taxonomy":"category","embeddable":true,"href":"https:\/\/www.pcnen.com\/portal\/wp-json\/wp\/v2\/categories?post=32556"},{"taxonomy":"post_tag","embeddable":true,"href":"https:\/\/www.pcnen.com\/portal\/wp-json\/wp\/v2\/tags?post=32556"}],"curies":[{"name":"wp","href":"https:\/\/api.w.org\/{rel}","templated":true}]}}