{"id":32548,"date":"2009-11-08T09:11:49","date_gmt":"2009-11-08T09:11:49","guid":{"rendered":"http:\/\/www.pcnen.com\/portal\/?p=32548"},"modified":"2009-11-08T09:11:49","modified_gmt":"2009-11-08T09:11:49","slug":"osim-konzulata-kulturni-i-privredni-centri","status":"publish","type":"post","link":"https:\/\/www.pcnen.com\/portal\/2009\/11\/08\/osim-konzulata-kulturni-i-privredni-centri\/","title":{"rendered":"Osim konzulata, kulturni i privredni centri"},"content":{"rendered":"<p>&quot;Izvesno je da \u0107e biti otvoren jedan konzulat. Mi nastavljamo da insistiramo na otvaranju jo&scaron; dva, a ukoliko to u ovom trenutku ne bude mogu\u0107e, Srbija \u0107e uputiti molbu Crnoj Gori za otvaranje kulturnih centara i predstavni&scaron;tava privredne komore na mestima na kojima ne bude odobreno otvaranje konzulata. Srbija \u017eeli da bude prisutna u Crnoj Gori jer tamo imamo ozbiljne interese koje \u017eelimo da ostvarujemo u duhu dobrosusedskih odnosa i punog po&scaron;tovanja suvereniteta te dr\u017eave&quot;, kazao je Jeremi\u0107 u intervjuu za <em>Ve\u010dernje novosti<\/em>.<\/p>\n","protected":false},"excerpt":{"rendered":"<p>&Scaron;ef srpske diplomatije Vuk Jeremi\u0107 je izjavio da Beograd i dalje insistira na otvaranju tri konzulata u Crnoj Gori, a da \u0107e, ukoliko to ne bude mogu\u0107e, moliti Crnu Goru za otvaranje kulturnih i privrednih centara.<\/p>\n","protected":false},"author":1,"featured_media":0,"comment_status":"open","ping_status":"closed","sticky":false,"template":"","format":"standard","meta":{"_seopress_robots_primary_cat":"","_seopress_titles_title":"","_seopress_titles_desc":"","_seopress_robots_index":"","_et_pb_use_builder":"","_et_pb_old_content":"","_et_gb_content_width":"","inline_featured_image":false,"footnotes":""},"categories":[14],"tags":[],"class_list":["post-32548","post","type-post","status-publish","format-standard","hentry","category-vijesti"],"_links":{"self":[{"href":"https:\/\/www.pcnen.com\/portal\/wp-json\/wp\/v2\/posts\/32548","targetHints":{"allow":["GET"]}}],"collection":[{"href":"https:\/\/www.pcnen.com\/portal\/wp-json\/wp\/v2\/posts"}],"about":[{"href":"https:\/\/www.pcnen.com\/portal\/wp-json\/wp\/v2\/types\/post"}],"author":[{"embeddable":true,"href":"https:\/\/www.pcnen.com\/portal\/wp-json\/wp\/v2\/users\/1"}],"replies":[{"embeddable":true,"href":"https:\/\/www.pcnen.com\/portal\/wp-json\/wp\/v2\/comments?post=32548"}],"version-history":[{"count":0,"href":"https:\/\/www.pcnen.com\/portal\/wp-json\/wp\/v2\/posts\/32548\/revisions"}],"wp:attachment":[{"href":"https:\/\/www.pcnen.com\/portal\/wp-json\/wp\/v2\/media?parent=32548"}],"wp:term":[{"taxonomy":"category","embeddable":true,"href":"https:\/\/www.pcnen.com\/portal\/wp-json\/wp\/v2\/categories?post=32548"},{"taxonomy":"post_tag","embeddable":true,"href":"https:\/\/www.pcnen.com\/portal\/wp-json\/wp\/v2\/tags?post=32548"}],"curies":[{"name":"wp","href":"https:\/\/api.w.org\/{rel}","templated":true}]}}