{"id":325454,"date":"2021-08-13T16:31:58","date_gmt":"2021-08-13T14:31:58","guid":{"rendered":"https:\/\/www.pcnen.com\/portal\/?p=325454"},"modified":"2021-08-19T19:30:21","modified_gmt":"2021-08-19T17:30:21","slug":"globalno-lokalno-zagrijavanje-i-samani","status":"publish","type":"post","link":"https:\/\/www.pcnen.com\/portal\/2021\/08\/13\/globalno-lokalno-zagrijavanje-i-samani\/","title":{"rendered":"Globalno-lokalno zagrijavanje i \u0161amani"},"content":{"rendered":"<p>\u2666\u00a0 Ve\u0107 dvadesetak dana gori Balkan, Crna Gora, jug Italije. Temperature su tropske, u kontinuitetu nikad ve\u0107e. Globalno zagrijavanje se najzad po\u010dinje ozbiljnije shvatati, ali se i dalje ne preduzimaju ozbiljne mjere ve\u0107 sve ostaje na konstatacijama, zaklju\u010dcima i pri\u010di. Turska kao ogromna ekonomska, ali prije svega vojna sila, ima stotine najsavremenijih ratnih aviona, brodova, podmornica, koje ko\u0161taju stotine milijardi dolara, ali kanadera i helikoptera za ga\u0161enje po\u017eara ima par desetina. Ulaganje u njih je promil od ulaganja u ratnu tehniku. Sli\u010dno je i sa Gr\u010dkom. Zato prosto izgore\u0161e.<\/p>\n<p>Crna Gora i balkanske dr\u017eavice imaju po par kanadera ili manjih helikoptera za ga\u0161enje po\u017eara, a fali im i vatrogasnih vozila. Bog \u2013 iako su svi u ovim dr\u017eavama veliki vjernici &#8211; o\u010digledno ne\u0107e da im pomogne, tako da je osim nad\u010dovje\u010danskih napora vatrogasaca, gledanja u nebo &#8211; ne bi li pala ki\u0161a, postao jedini \u201eu\u010dinkovit\u201c na\u010din borbe protiv po\u017eara. Kako Bog ne poma\u017ee, mo\u017eda da uvezemo \u0161amane koji \u0107e nam prizivati ki\u0161u \u2013 manje ko\u0161taju, umjesto kanadera?<\/p>\n<p>Nikom ne pada na pamet da se u okviru saradnje dr\u017eava regiona formira neki zajedni\u010dki helikoptersko-avio centar za ga\u0161enje po\u017eara, gdje bi sredstva ulagali svi zajedno: em jeftinije, em u\u010dinkovitije. Takav projekat bi, siguran sam, izda\u0161no pomogla i EU. Pogotovo u svjetlu sve toplijih ljeta, po\u017eara koji \u0107e biti sve \u010de\u0161\u0107i; za\u0161tite \u0161uma, biljnog i \u017eivotinjskog svijeta.<\/p>\n<p>\u2666\u00a0 Kada sam prije desetak dana najzad odlu\u010dio da se vakcini\u0161em, iza Univerzitetskog centra u Podgorici vidio sam prizor koji me je zaprepastio i uvjerio da, osim ogromnih temperatura i nedostatka tehni\u010dkih sredstava, za po\u017eare smo krivi mi sami, kao neorganizovano dru\u0161tvo koje ne preduzima preventivne mjere za njihovo spre\u010davanje. Livada iza univerzitetskog centra od nekoliko hiljada kvadrata, koja se grani\u010di sa Tolo\u0161kom \u0161umom i oko koje su desetine stambenih zgrada, nepoko\u0161ena je, sa travom visokom preko pola metra, potpuno sasu\u0161enom. Samo jedan ba\u010den opu\u0161ak od cigareta mo\u017ee izazvati po\u017ear koji se ne bi mogao kontrolisati, jer bi tih nekoliko hiljada kvadrata izgorelo u tren, kao i dio Tolo\u0161ke \u0161ume. Pomenuti kanadari i helikopteri, sve da ih imamo, kao ni Bog ili \u0161amani nam ne bi mogli pomo\u0107i u tako kratkom vremenu u kome bi sve to u buktinji izgorjelo.<\/p>\n<p><img loading=\"lazy\" decoding=\"async\" class=\"aligncenter size-large wp-image-325465\" src=\"https:\/\/www.pcnen.com\/portal\/wp-content\/uploads\/2021\/08\/omer-580x435.jpg\" alt=\"\" width=\"580\" height=\"435\" srcset=\"https:\/\/www.pcnen.com\/portal\/wp-content\/uploads\/2021\/08\/omer-580x435.jpg 580w, https:\/\/www.pcnen.com\/portal\/wp-content\/uploads\/2021\/08\/omer-300x225.jpg 300w, https:\/\/www.pcnen.com\/portal\/wp-content\/uploads\/2021\/08\/omer.jpg 640w\" sizes=\"(max-width: 580px) 100vw, 580px\" \/><\/p>\n<p>\u2666\u00a0 Dok vrelo ljeto i dalje traje, vrelina nam tek predstoji na politi\u010dkoj sceni. Usijanje \u2013 bolje re\u0107i. Najava hironotisanja mitropolita Joanikija od strane patrijarha Porfirija u Cetinjskom manastiru sama po sebi di\u017ee tenzije u podjeljenoj Crnoj Gori. Umjesto da kao premijer svih gra\u0111ana Krivokapi\u0107 poku\u0161a da smiri te tenzije, on ih, \u017eelim da vjerujem nesvjesno, svojim omalova\u017eavaju\u0107im izjavama na ra\u010dun onih koji se tom \u010dinu protive, di\u017ee do usijanja. I potpredsjednik Vlade iz nominalno gra\u0111anske partije URA-e, koju neki vide ili su je gledali kao procrnogorsku, svojim izjavama ne doprinosi smirivanju situacije. Naprotiv. Iako je do ustoli\u010denja mitropolita ostalo dvadeset dana, ve\u0107 sada su tenzije na nivou trenutnih, tropskih temperatura. Mediji u podizanju tenzija djeluju poput jakog sjevernog vjetra na ve\u0107 rasplamsale po\u017eare, a komentatori na mre\u017eama su preuzeli ulogu piromana. Ni na vidiku nema vatrogasaca, kamoli helikoptera ili kanadera koji bi se anga\u017eovali u ga\u0161enju ovog po\u017eara koji \u0107e svakako biti katastrofalan po dru\u0161tvo u cjelini.<\/p>\n<p>U nivou doprinosa brenta\u010de, pozvao bih i jedne i druge da se uzdr\u017ee od te\u0161kih rije\u010di i izazivanja, pogotovu poziva na sukobe. Prvi neka u miru obave \u010din hirotonisanja mitropolita Joanikija, drugi neka u miru izraze svoj protest protiv \u2013 to im pravo niko ne mo\u017ee i ne smije uskratiti. Eventualno naoru\u017eane grupe ili pojedince \u2013 o kojima \u010dar\u0161ija naveliko pri\u010da \u2013 ali i pojedini mediji, policija je du\u017ena i obavezna da identifikuje i privede, pogotovo one iz okru\u017eenja \u2013 ako takvih bude,\u00a0 a tu\u017eila\u0161tvo je u obavezi da ih procesuira \u2013 i mirna Bosna. Hmmm, mirna Bosna!?<\/p>\n<p>\u2666\u00a0 Odgovrono tvrdim da nema gra\u0111anina Crne Gore koji je vodio vi\u0161e bitaka sa provajderima mobilne telefonije i interneta \u2013 a koji je sve te borbe dobio, poput mene. I \u010detvrtu, iscrpljuju\u0107u borbu protiv njih sam upravo dobio. Svaka od njih je bila borba Davida protiv Golijata, ali sam na kraju ipak dokazivao da sam u pravu i da se sa mnom, bar, ne mogu igrati. Da bih opisao koliko truda, gubljenja vremena i \u017eivaca, pru\u017eenih dokaza, \u017ealbi, prigovora, novinskih tekstova&#8230; je bilo potrebno da ulo\u017eim kako bih istjerao pravdu, trebala bi mi podeblja knjiga a ne dio jednog teksta. \u010cak sam jednom dao i pla\u0107eni oglas na \u010detvrtinu strane u novinama o poku\u0161uju zakidanja potro\u0161a\u010da od strane jednog provajdera, jer komercijalni mediji ne \u017eele da pi\u0161u protiv svojih glavnih ogla\u0161iva\u010da, pa mi je to bio jedini na\u010din. Prije mjesec dana sam opet raskinuo ugovor sa provajderom, prije isteka ugovornog roka. Poslije uobi\u010dajnih peripetija i pisanog obavje\u0161tenja da moram platiti penale ako \u017eelim raskinuti ugovor, ipak sam istjerao pravdu. Kada sam mislio da je najzad sve zavr\u0161eno i kada sam se vratio na mre\u017eu kod koje sam prethodno tako\u0111e raskinuo ugovor \u2013 isto prije ugovornog roka, iskrsnuo je novi, Orvelovski problem. Vjerovali ili ne, ve\u0107 sedam dana na sve na\u010dine poku\u0161avam da dobijem ra\u010dun za mjesec u kome je ugovor raskinut (jul) kako bih izmirio dug, ali ra\u010duna nema, tj. ne mogu ga dobiti! Pi\u0161em im, zovem telefonom, idem u poslovnicu (dva puta) \u2013 d\u017eaba. Ne mogu dobiti ra\u010dun jer je broj na koji se ra\u010dun vodi sada neaktivan, oni vide ra\u010dun i dug ali mi ga ne mogu od\u0161tampati, mogu samo da mi ka\u017eu koliki on iznosi! Multinacionalna kompanija sa stotinama zaposlenih, milionskim profitom, nema na\u010dina da od\u0161tampa ra\u010dun da bi du\u017enik izmirio dug \u2013 djeluje li vam ovo nevjerovatno?<\/p>\n<p>\u201eA sjutra \u0107ete me tu\u017eiti zato \u0161to nijesam platio dug\u201c \u2013 ka\u017eem im, na \u0161to oni nemo\u0107no slije\u017eu ramenima, predla\u017eu\u0107i mi da mi usmeno saop\u0161te iznos koji treba da uplatim, te da ga putem uplatnice, izmirim. Obja\u0161njavam im da na taj na\u010din kod poslodavca koji mi pla\u0107a ra\u010dun za telefon i internet ne mogu refundirati novac, ve\u0107 moram prikazati ra\u010dun \u2013 uzalud.<\/p>\n<p>Orvel bi se prevrnu u grobu \u2013 nekoliko puta, a i Jozef K. bi se zapitao da li je sve to mogu\u0107e, kada bi znali kroz \u0161to sam sve pro\u0161ao kroz ove \u010detiri borbe sa \u201erenomiranim svjetskim multinacionalnim kompanijama\u201c, koje se o\u010digledno lako prilagode ambijentu zemlje u kojoj posluju kao \u0161to je na\u0161a: bez vladavine prava, postojanja inspekcija i bilo kakve za\u0161tite potro\u0161a\u010da, osim na papiru &#8211; forme radi.<\/p>\n","protected":false},"excerpt":{"rendered":"<p>Pi\u0161e: Omer \u0160ARKI\u0106 (foto O\u0160)<\/p>\n","protected":false},"author":12,"featured_media":286086,"comment_status":"open","ping_status":"closed","sticky":false,"template":"","format":"standard","meta":{"_seopress_robots_primary_cat":"","_seopress_titles_title":"","_seopress_titles_desc":"","_seopress_robots_index":"","_et_pb_use_builder":"","_et_pb_old_content":"","_et_gb_content_width":"","inline_featured_image":false,"footnotes":""},"categories":[17],"tags":[],"class_list":["post-325454","post","type-post","status-publish","format-standard","has-post-thumbnail","hentry","category-blogovi"],"_links":{"self":[{"href":"https:\/\/www.pcnen.com\/portal\/wp-json\/wp\/v2\/posts\/325454","targetHints":{"allow":["GET"]}}],"collection":[{"href":"https:\/\/www.pcnen.com\/portal\/wp-json\/wp\/v2\/posts"}],"about":[{"href":"https:\/\/www.pcnen.com\/portal\/wp-json\/wp\/v2\/types\/post"}],"author":[{"embeddable":true,"href":"https:\/\/www.pcnen.com\/portal\/wp-json\/wp\/v2\/users\/12"}],"replies":[{"embeddable":true,"href":"https:\/\/www.pcnen.com\/portal\/wp-json\/wp\/v2\/comments?post=325454"}],"version-history":[{"count":10,"href":"https:\/\/www.pcnen.com\/portal\/wp-json\/wp\/v2\/posts\/325454\/revisions"}],"predecessor-version":[{"id":325490,"href":"https:\/\/www.pcnen.com\/portal\/wp-json\/wp\/v2\/posts\/325454\/revisions\/325490"}],"wp:featuredmedia":[{"embeddable":true,"href":"https:\/\/www.pcnen.com\/portal\/wp-json\/wp\/v2\/media\/286086"}],"wp:attachment":[{"href":"https:\/\/www.pcnen.com\/portal\/wp-json\/wp\/v2\/media?parent=325454"}],"wp:term":[{"taxonomy":"category","embeddable":true,"href":"https:\/\/www.pcnen.com\/portal\/wp-json\/wp\/v2\/categories?post=325454"},{"taxonomy":"post_tag","embeddable":true,"href":"https:\/\/www.pcnen.com\/portal\/wp-json\/wp\/v2\/tags?post=325454"}],"curies":[{"name":"wp","href":"https:\/\/api.w.org\/{rel}","templated":true}]}}