{"id":32539,"date":"2009-11-07T13:29:14","date_gmt":"2009-11-07T13:29:14","guid":{"rendered":"http:\/\/www.pcnen.com\/portal\/?p=32539"},"modified":"2009-11-07T13:29:14","modified_gmt":"2009-11-07T13:29:14","slug":"diplomatski-gafovi-ministra-jeremica","status":"publish","type":"post","link":"https:\/\/www.pcnen.com\/portal\/2009\/11\/07\/diplomatski-gafovi-ministra-jeremica\/","title":{"rendered":"Diplomatski gafovi ministra Jeremi\u0107a"},"content":{"rendered":"<p>Vuk Jeremi\u0107, ministar inostranih poslova Srbije, u izlaganju pred Evropskim parlamentom napravio je \u010ditav niz diplomatskih gafova, pi&scaron;e beogradski <a href=\"http:\/\/www.blic.rs\/politika.php?id=119477\"><em>Blic<\/em>.<\/a> <\/p>\n<p>On je naveo da u EU postoje snage koje se zala\u017eu za pauzu u pro&scaron;irenju EU, poslije ulaska Hrvatske, i da istovremeno postoji i problem integracije Turske u EU. <\/p>\n<p>&quot;To bi bilo vrla lo&scaron;a poruka regionu, jer smo bili 500 godina pod Turcima i sada \u0107emo ponovo biti u \u010dekaonici sa njima. To nije dobra poruka za one koji su bili pod Turcima toliko vremena u pro&scaron;losti&quot;, rekao je Jeremi\u0107 samo sedam dana posle posjete turskog predsjednika Beogradu. <\/p>\n<p>Jelko Kacin, evropski izvestilac za Srbiju, ocenjuje Jeremi\u0107ev nastup i izjavu kao neprofesionalne, jer proces ratifikacije SSP za Srbiju jo&scaron; nije po\u010deo, i blokiran je zbog nepotpune saradnje sa Hagom. <\/p>\n<p>&quot;To u vezi sa Turskom bilo je krajnje nekorektno i nediplomatski. Srbija proziva Tursku, a poziva je na ulaganja. Bio je neprihvatljivo arogantan i kada je govorio o Albancima, vezuju\u0107i ih za Milo&scaron;evi\u0107a, kao i izja&scaron;njavaju\u0107i se o BiH&quot;, rekao je Kacin. <\/p>\n","protected":false},"excerpt":{"rendered":"<p>Vuk Jeremi\u0107, ministar inostranih poslova Srbije, u izlaganju pred Evropskim parlamentom napravio je \u010ditav niz diplomatskih gafova, pi&scaron;e beogradski Blic. On je naveo da u EU postoje snage koje se zala\u017eu za pauzu u pro&scaron;irenju EU, poslije ulaska Hrvatske, i da istovremeno postoji i problem integracije Turske u EU. &quot;To bi bilo vrla lo&scaron;a poruka [&hellip;]<\/p>\n","protected":false},"author":1,"featured_media":0,"comment_status":"open","ping_status":"closed","sticky":false,"template":"","format":"standard","meta":{"_seopress_robots_primary_cat":"","_seopress_titles_title":"","_seopress_titles_desc":"","_seopress_robots_index":"","_et_pb_use_builder":"","_et_pb_old_content":"","_et_gb_content_width":"","inline_featured_image":false,"footnotes":""},"categories":[14],"tags":[],"class_list":["post-32539","post","type-post","status-publish","format-standard","hentry","category-vijesti"],"_links":{"self":[{"href":"https:\/\/www.pcnen.com\/portal\/wp-json\/wp\/v2\/posts\/32539","targetHints":{"allow":["GET"]}}],"collection":[{"href":"https:\/\/www.pcnen.com\/portal\/wp-json\/wp\/v2\/posts"}],"about":[{"href":"https:\/\/www.pcnen.com\/portal\/wp-json\/wp\/v2\/types\/post"}],"author":[{"embeddable":true,"href":"https:\/\/www.pcnen.com\/portal\/wp-json\/wp\/v2\/users\/1"}],"replies":[{"embeddable":true,"href":"https:\/\/www.pcnen.com\/portal\/wp-json\/wp\/v2\/comments?post=32539"}],"version-history":[{"count":0,"href":"https:\/\/www.pcnen.com\/portal\/wp-json\/wp\/v2\/posts\/32539\/revisions"}],"wp:attachment":[{"href":"https:\/\/www.pcnen.com\/portal\/wp-json\/wp\/v2\/media?parent=32539"}],"wp:term":[{"taxonomy":"category","embeddable":true,"href":"https:\/\/www.pcnen.com\/portal\/wp-json\/wp\/v2\/categories?post=32539"},{"taxonomy":"post_tag","embeddable":true,"href":"https:\/\/www.pcnen.com\/portal\/wp-json\/wp\/v2\/tags?post=32539"}],"curies":[{"name":"wp","href":"https:\/\/api.w.org\/{rel}","templated":true}]}}