{"id":32538,"date":"2009-11-07T13:02:40","date_gmt":"2009-11-07T13:02:40","guid":{"rendered":"http:\/\/www.pcnen.com\/portal\/?p=32538"},"modified":"2009-11-07T13:02:40","modified_gmt":"2009-11-07T13:02:40","slug":"durdina-ivanovic-umjesto-stojanke-radovic","status":"publish","type":"post","link":"https:\/\/www.pcnen.com\/portal\/2009\/11\/07\/durdina-ivanovic-umjesto-stojanke-radovic\/","title":{"rendered":"\u0110ur\u0111ina Ivanovi\u0107 umjesto Stojanke Radovi\u0107"},"content":{"rendered":"<p>Tu\u017eilac u Podgorici \u0110ur\u0111ina Ivanovi\u0107 najozbiljniji je kandidat za du\u017enost specijalnog tu\u017eioca za borbu protiv organizovanog kriminala, korupcije i ratnih zlo\u010dina, potvr\u0111eno je podgori\u010dkoj <em>Pobjedi<\/em> iz krugova bliskih tu\u017eila\u010dkoj organizaciji. <\/p>\n<p>Doskora&scaron;njoj specijalnoj tu\u017eiteljki Stojanki Radovi\u0107 mandat je istekao 1. jula, a 19. septembra&nbsp;je imenovana za zamjenicu vrhovnog dr\u017eavnog tu\u017eioca Crne Gore.<\/p>\n","protected":false},"excerpt":{"rendered":"<p>Tu\u017eilac u Podgorici \u0110ur\u0111ina Ivanovi\u0107 najozbiljniji je kandidat za du\u017enost specijalnog tu\u017eioca za borbu protiv organizovanog kriminala, korupcije i ratnih zlo\u010dina, potvr\u0111eno je podgori\u010dkoj Pobjedi iz krugova bliskih tu\u017eila\u010dkoj organizaciji. Doskora&scaron;njoj specijalnoj tu\u017eiteljki Stojanki Radovi\u0107 mandat je istekao 1. jula, a 19. septembra&nbsp;je imenovana za zamjenicu vrhovnog dr\u017eavnog tu\u017eioca Crne Gore.<\/p>\n","protected":false},"author":1,"featured_media":0,"comment_status":"open","ping_status":"closed","sticky":false,"template":"","format":"standard","meta":{"_seopress_robots_primary_cat":"","_seopress_titles_title":"","_seopress_titles_desc":"","_seopress_robots_index":"","_et_pb_use_builder":"","_et_pb_old_content":"","_et_gb_content_width":"","inline_featured_image":false,"footnotes":""},"categories":[14],"tags":[],"class_list":["post-32538","post","type-post","status-publish","format-standard","hentry","category-vijesti"],"_links":{"self":[{"href":"https:\/\/www.pcnen.com\/portal\/wp-json\/wp\/v2\/posts\/32538","targetHints":{"allow":["GET"]}}],"collection":[{"href":"https:\/\/www.pcnen.com\/portal\/wp-json\/wp\/v2\/posts"}],"about":[{"href":"https:\/\/www.pcnen.com\/portal\/wp-json\/wp\/v2\/types\/post"}],"author":[{"embeddable":true,"href":"https:\/\/www.pcnen.com\/portal\/wp-json\/wp\/v2\/users\/1"}],"replies":[{"embeddable":true,"href":"https:\/\/www.pcnen.com\/portal\/wp-json\/wp\/v2\/comments?post=32538"}],"version-history":[{"count":0,"href":"https:\/\/www.pcnen.com\/portal\/wp-json\/wp\/v2\/posts\/32538\/revisions"}],"wp:attachment":[{"href":"https:\/\/www.pcnen.com\/portal\/wp-json\/wp\/v2\/media?parent=32538"}],"wp:term":[{"taxonomy":"category","embeddable":true,"href":"https:\/\/www.pcnen.com\/portal\/wp-json\/wp\/v2\/categories?post=32538"},{"taxonomy":"post_tag","embeddable":true,"href":"https:\/\/www.pcnen.com\/portal\/wp-json\/wp\/v2\/tags?post=32538"}],"curies":[{"name":"wp","href":"https:\/\/api.w.org\/{rel}","templated":true}]}}