{"id":32537,"date":"2009-11-07T12:55:33","date_gmt":"2009-11-07T12:55:33","guid":{"rendered":"http:\/\/www.pcnen.com\/portal\/?p=32537"},"modified":"2009-11-07T12:55:33","modified_gmt":"2009-11-07T12:55:33","slug":"ekolozi-sirom-svijeta-strajkuju-gladu","status":"publish","type":"post","link":"https:\/\/www.pcnen.com\/portal\/2009\/11\/07\/ekolozi-sirom-svijeta-strajkuju-gladu\/","title":{"rendered":"Ekolozi \u0161irom svijeta \u0161trajkuju gla\u0111u"},"content":{"rendered":"<p>Ekolozi iz vi&scaron;e zemalja po\u010de\u0107e danas &scaron;trajk gla\u0111u, da upozore javnost na klimatsko zagrijavanje, nekoliko nedjelja pred odr\u017evanja me\u0111unarodnog samita o klimi u Kopenhagenu, javila je agencija <em>Beta<\/em>. <\/p>\n<p>Pol Konor, vo\u0111a ovog pokreta i jo&scaron; sedam stru\u010dnjaka iz Australije, SAD i Evrope imaju namjeru da odbijaju hranu do kraja me\u0111unarodne konferencije o klimi u Kopenhagenu, koja se odr\u017eava od 7. do 18. decembra. <\/p>\n<p>&quot;Situacija je vanredna na svjetskom nivou. Mislimo da moralna i principjelna akcija za ne&scaron;to &scaron;to je ispravno mo\u017ee da ima ogroman odjek&quot;, rekao je Konor agenciji <em>Frans pres<\/em>. <\/p>\n<p>Jo&scaron; oko 70 aktivista ekologa \u0107e se pridru\u017eiti ovoj grupi i po\u010deti danas da &scaron;trajkuju gla\u0111u, ali \u0107e &scaron;trajk trajati kra\u0107e. <\/p>\n<p>&Scaron;trajk gla\u0111u treba da po\u010dne u Australiji u 23.00 (13.00 po centralnoevropskom vremenu) a sli\u010dne akcije po\u010de\u0107e u SAD, Britaniji, Indiji, Francuskoj, Njema\u010dkoj, Kanadi, Ju\u017enoj Africi, Belgiji, Hondurasu, Butanu, Novom Zelandu i Filipinima. <\/p>\n<p>&Scaron;trajka\u010di \u017eele da se svjetski lideri u Kopenhagenu obave\u017eu da \u0107e se stabilizovati koncentracija ugljen dioksida u atmosferi na 350 \u010destica po milionu (ppm). <\/p>\n<p>Me\u0111uvladin panel za klimatske promjene (IPCC) Ujedinjenih nacija je 2007. godine odredio da nivo koncentracije CO2 treba da bude ispod 450 ppm da bi se sprije\u010dilo globalno zagrijavanje.<\/p>\n","protected":false},"excerpt":{"rendered":"<p>Ekolozi iz vi&scaron;e zemalja po\u010de\u0107e danas &scaron;trajk gla\u0111u, da upozore javnost na klimatsko zagrijavanje, nekoliko nedjelja pred odr\u017evanja me\u0111unarodnog samita o klimi u Kopenhagenu, javila je agencija Beta. Pol Konor, vo\u0111a ovog pokreta i jo&scaron; sedam stru\u010dnjaka iz Australije, SAD i Evrope imaju namjeru da odbijaju hranu do kraja me\u0111unarodne konferencije o klimi u Kopenhagenu, [&hellip;]<\/p>\n","protected":false},"author":1,"featured_media":0,"comment_status":"open","ping_status":"closed","sticky":false,"template":"","format":"standard","meta":{"_seopress_robots_primary_cat":"","_seopress_titles_title":"","_seopress_titles_desc":"","_seopress_robots_index":"","_et_pb_use_builder":"","_et_pb_old_content":"","_et_gb_content_width":"","inline_featured_image":false,"footnotes":""},"categories":[14],"tags":[],"class_list":["post-32537","post","type-post","status-publish","format-standard","hentry","category-vijesti"],"_links":{"self":[{"href":"https:\/\/www.pcnen.com\/portal\/wp-json\/wp\/v2\/posts\/32537","targetHints":{"allow":["GET"]}}],"collection":[{"href":"https:\/\/www.pcnen.com\/portal\/wp-json\/wp\/v2\/posts"}],"about":[{"href":"https:\/\/www.pcnen.com\/portal\/wp-json\/wp\/v2\/types\/post"}],"author":[{"embeddable":true,"href":"https:\/\/www.pcnen.com\/portal\/wp-json\/wp\/v2\/users\/1"}],"replies":[{"embeddable":true,"href":"https:\/\/www.pcnen.com\/portal\/wp-json\/wp\/v2\/comments?post=32537"}],"version-history":[{"count":0,"href":"https:\/\/www.pcnen.com\/portal\/wp-json\/wp\/v2\/posts\/32537\/revisions"}],"wp:attachment":[{"href":"https:\/\/www.pcnen.com\/portal\/wp-json\/wp\/v2\/media?parent=32537"}],"wp:term":[{"taxonomy":"category","embeddable":true,"href":"https:\/\/www.pcnen.com\/portal\/wp-json\/wp\/v2\/categories?post=32537"},{"taxonomy":"post_tag","embeddable":true,"href":"https:\/\/www.pcnen.com\/portal\/wp-json\/wp\/v2\/tags?post=32537"}],"curies":[{"name":"wp","href":"https:\/\/api.w.org\/{rel}","templated":true}]}}