{"id":32536,"date":"2009-11-07T12:51:58","date_gmt":"2009-11-07T12:51:58","guid":{"rendered":"http:\/\/www.pcnen.com\/portal\/?p=32536"},"modified":"2009-11-07T12:51:58","modified_gmt":"2009-11-07T12:51:58","slug":"bivsi-ombudsman-na-celu-agencije-za-zastitu-podataka-o-licnosti","status":"publish","type":"post","link":"https:\/\/www.pcnen.com\/portal\/2009\/11\/07\/bivsi-ombudsman-na-celu-agencije-za-zastitu-podataka-o-licnosti\/","title":{"rendered":"Biv\u0161i ombudsman na \u010delu Agencije za za\u0161titu podataka o li\u010dnosti"},"content":{"rendered":"<p>&Scaron;efko Crnovr&scaron;anin predlo\u017een je za predsjednika Savjeta Agencije za za&scaron;titu podataka o li\u010dnosti, a njegovo imenovanje bi\u0107e razmatrano na sjednici Administrativnog odbora idu\u0107e nedjelje, do kada \u0107e biti predlo\u017eena i dva \u010dlana Savjeta, saznaje podgori\u010dka <em>Pobjeda.<\/em> <\/p>\n<p>Prema Zakonu o za&scaron;titi podataka o li\u010dnosti, predsjednika i dva \u010dlana Savjeta imenuje Skup&scaron;tina. <\/p>\n<p>Crnovr&scaron;anin je do nedavno bio na funkciji za&scaron;titnika ljudskih prava i sloboda.<\/p>\n","protected":false},"excerpt":{"rendered":"<p>&Scaron;efko Crnovr&scaron;anin predlo\u017een je za predsjednika Savjeta Agencije za za&scaron;titu podataka o li\u010dnosti, a njegovo imenovanje bi\u0107e razmatrano na sjednici Administrativnog odbora idu\u0107e nedjelje, do kada \u0107e biti predlo\u017eena i dva \u010dlana Savjeta, saznaje podgori\u010dka Pobjeda. Prema Zakonu o za&scaron;titi podataka o li\u010dnosti, predsjednika i dva \u010dlana Savjeta imenuje Skup&scaron;tina. Crnovr&scaron;anin je do nedavno bio [&hellip;]<\/p>\n","protected":false},"author":1,"featured_media":0,"comment_status":"open","ping_status":"closed","sticky":false,"template":"","format":"standard","meta":{"_seopress_robots_primary_cat":"","_seopress_titles_title":"","_seopress_titles_desc":"","_seopress_robots_index":"","_et_pb_use_builder":"","_et_pb_old_content":"","_et_gb_content_width":"","inline_featured_image":false,"footnotes":""},"categories":[14],"tags":[],"class_list":["post-32536","post","type-post","status-publish","format-standard","hentry","category-vijesti"],"_links":{"self":[{"href":"https:\/\/www.pcnen.com\/portal\/wp-json\/wp\/v2\/posts\/32536","targetHints":{"allow":["GET"]}}],"collection":[{"href":"https:\/\/www.pcnen.com\/portal\/wp-json\/wp\/v2\/posts"}],"about":[{"href":"https:\/\/www.pcnen.com\/portal\/wp-json\/wp\/v2\/types\/post"}],"author":[{"embeddable":true,"href":"https:\/\/www.pcnen.com\/portal\/wp-json\/wp\/v2\/users\/1"}],"replies":[{"embeddable":true,"href":"https:\/\/www.pcnen.com\/portal\/wp-json\/wp\/v2\/comments?post=32536"}],"version-history":[{"count":0,"href":"https:\/\/www.pcnen.com\/portal\/wp-json\/wp\/v2\/posts\/32536\/revisions"}],"wp:attachment":[{"href":"https:\/\/www.pcnen.com\/portal\/wp-json\/wp\/v2\/media?parent=32536"}],"wp:term":[{"taxonomy":"category","embeddable":true,"href":"https:\/\/www.pcnen.com\/portal\/wp-json\/wp\/v2\/categories?post=32536"},{"taxonomy":"post_tag","embeddable":true,"href":"https:\/\/www.pcnen.com\/portal\/wp-json\/wp\/v2\/tags?post=32536"}],"curies":[{"name":"wp","href":"https:\/\/api.w.org\/{rel}","templated":true}]}}