{"id":32530,"date":"2009-11-07T11:54:21","date_gmt":"2009-11-07T11:54:21","guid":{"rendered":"http:\/\/www.pcnen.com\/portal\/?p=32530"},"modified":"2009-11-07T11:54:21","modified_gmt":"2009-11-07T11:54:21","slug":"kanada-se-povlaci-iz-avganistana","status":"publish","type":"post","link":"https:\/\/www.pcnen.com\/portal\/2009\/11\/07\/kanada-se-povlaci-iz-avganistana\/","title":{"rendered":"Kanada se povla\u010di iz Avganistana"},"content":{"rendered":"<p>Kanada priprema povla\u010denje svojih snaga iz Avganistana, a njeni bi vojnici, prema odluci nacionalnog parlamenta, tu zemlju trebali da napuste do kraja 2011, prenose agencije. <\/p>\n<p>Portparolka kanadske vojske je izjavila da je na\u010delnik Glavnog &scaron;taba naredio po\u010detak povla\u010denja 2.800 vojnika iz ju\u017enog Avganistana. <\/p>\n","protected":false},"excerpt":{"rendered":"<p>Kanada priprema povla\u010denje svojih snaga iz Avganistana, a njeni bi vojnici, prema odluci nacionalnog parlamenta, tu zemlju trebali da napuste do kraja 2011, prenose agencije. Portparolka kanadske vojske je izjavila da je na\u010delnik Glavnog &scaron;taba naredio po\u010detak povla\u010denja 2.800 vojnika iz ju\u017enog Avganistana.<\/p>\n","protected":false},"author":1,"featured_media":0,"comment_status":"open","ping_status":"closed","sticky":false,"template":"","format":"standard","meta":{"_seopress_robots_primary_cat":"","_seopress_titles_title":"","_seopress_titles_desc":"","_seopress_robots_index":"","_et_pb_use_builder":"","_et_pb_old_content":"","_et_gb_content_width":"","inline_featured_image":false,"footnotes":""},"categories":[14],"tags":[],"class_list":["post-32530","post","type-post","status-publish","format-standard","hentry","category-vijesti"],"_links":{"self":[{"href":"https:\/\/www.pcnen.com\/portal\/wp-json\/wp\/v2\/posts\/32530","targetHints":{"allow":["GET"]}}],"collection":[{"href":"https:\/\/www.pcnen.com\/portal\/wp-json\/wp\/v2\/posts"}],"about":[{"href":"https:\/\/www.pcnen.com\/portal\/wp-json\/wp\/v2\/types\/post"}],"author":[{"embeddable":true,"href":"https:\/\/www.pcnen.com\/portal\/wp-json\/wp\/v2\/users\/1"}],"replies":[{"embeddable":true,"href":"https:\/\/www.pcnen.com\/portal\/wp-json\/wp\/v2\/comments?post=32530"}],"version-history":[{"count":0,"href":"https:\/\/www.pcnen.com\/portal\/wp-json\/wp\/v2\/posts\/32530\/revisions"}],"wp:attachment":[{"href":"https:\/\/www.pcnen.com\/portal\/wp-json\/wp\/v2\/media?parent=32530"}],"wp:term":[{"taxonomy":"category","embeddable":true,"href":"https:\/\/www.pcnen.com\/portal\/wp-json\/wp\/v2\/categories?post=32530"},{"taxonomy":"post_tag","embeddable":true,"href":"https:\/\/www.pcnen.com\/portal\/wp-json\/wp\/v2\/tags?post=32530"}],"curies":[{"name":"wp","href":"https:\/\/api.w.org\/{rel}","templated":true}]}}