{"id":32524,"date":"2009-11-06T19:32:35","date_gmt":"2009-11-06T19:32:35","guid":{"rendered":"http:\/\/www.pcnen.com\/portal\/?p=32524"},"modified":"2009-11-06T19:32:35","modified_gmt":"2009-11-06T19:32:35","slug":"svi-glasali-za-durisica-ali","status":"publish","type":"post","link":"https:\/\/www.pcnen.com\/portal\/2009\/11\/06\/svi-glasali-za-durisica-ali\/","title":{"rendered":"Svi glasali za \u0110uri\u0161i\u0107a, ali&#8230;"},"content":{"rendered":"<p>&Scaron;kolski odbor Cetinjske gimnazije nije izabrao danas direktora kako je bilo planirano, jer se ispostavilo da Nata&scaron;a Stanojevi\u0107 ne mo\u017ee glasati zbog toga &scaron;to obavlja du\u017enost direktora.<\/p>\n<p>Pro TV je javila da je nepravilnost naknadno konstatovana, po&scaron;to su svi \u010dlanovi &Scaron;kolskog odbora glasali za Miomira \u0110uri&scaron;i\u0107a, ranijeg direktora Gimnazije.<\/p>\n<p>Nova sjednica Odbora bi\u0107e odr\u017eana u utorak, 10. novembra.&nbsp;<\/p>\n<p>&nbsp;<\/p>\n","protected":false},"excerpt":{"rendered":"<p>&Scaron;kolski odbor Cetinjske gimnazije nije izabrao danas direktora kako je bilo planirano, jer se ispostavilo da Nata&scaron;a Stanojevi\u0107 ne mo\u017ee glasati zbog toga &scaron;to obavlja du\u017enost direktora. Pro TV je javila da je nepravilnost naknadno konstatovana, po&scaron;to su svi \u010dlanovi &Scaron;kolskog odbora glasali za Miomira \u0110uri&scaron;i\u0107a, ranijeg direktora Gimnazije. Nova sjednica Odbora bi\u0107e odr\u017eana u [&hellip;]<\/p>\n","protected":false},"author":1,"featured_media":0,"comment_status":"open","ping_status":"closed","sticky":false,"template":"","format":"standard","meta":{"_seopress_robots_primary_cat":"","_seopress_titles_title":"","_seopress_titles_desc":"","_seopress_robots_index":"","_et_pb_use_builder":"","_et_pb_old_content":"","_et_gb_content_width":"","inline_featured_image":false,"footnotes":""},"categories":[14],"tags":[],"class_list":["post-32524","post","type-post","status-publish","format-standard","hentry","category-vijesti"],"_links":{"self":[{"href":"https:\/\/www.pcnen.com\/portal\/wp-json\/wp\/v2\/posts\/32524","targetHints":{"allow":["GET"]}}],"collection":[{"href":"https:\/\/www.pcnen.com\/portal\/wp-json\/wp\/v2\/posts"}],"about":[{"href":"https:\/\/www.pcnen.com\/portal\/wp-json\/wp\/v2\/types\/post"}],"author":[{"embeddable":true,"href":"https:\/\/www.pcnen.com\/portal\/wp-json\/wp\/v2\/users\/1"}],"replies":[{"embeddable":true,"href":"https:\/\/www.pcnen.com\/portal\/wp-json\/wp\/v2\/comments?post=32524"}],"version-history":[{"count":0,"href":"https:\/\/www.pcnen.com\/portal\/wp-json\/wp\/v2\/posts\/32524\/revisions"}],"wp:attachment":[{"href":"https:\/\/www.pcnen.com\/portal\/wp-json\/wp\/v2\/media?parent=32524"}],"wp:term":[{"taxonomy":"category","embeddable":true,"href":"https:\/\/www.pcnen.com\/portal\/wp-json\/wp\/v2\/categories?post=32524"},{"taxonomy":"post_tag","embeddable":true,"href":"https:\/\/www.pcnen.com\/portal\/wp-json\/wp\/v2\/tags?post=32524"}],"curies":[{"name":"wp","href":"https:\/\/api.w.org\/{rel}","templated":true}]}}