{"id":32523,"date":"2009-11-06T15:43:47","date_gmt":"2009-11-06T15:43:47","guid":{"rendered":"http:\/\/www.pcnen.com\/portal\/?p=32523"},"modified":"2009-11-06T15:43:47","modified_gmt":"2009-11-06T15:43:47","slug":"ceski-neonacisti-pripremali-masovne-napade","status":"publish","type":"post","link":"https:\/\/www.pcnen.com\/portal\/2009\/11\/06\/ceski-neonacisti-pripremali-masovne-napade\/","title":{"rendered":"\u010ce\u0161ki neonacisti pripremali masovne napade"},"content":{"rendered":"<p>\u010ce&scaron;ka ekstremisti\u010dka skupina <em>Bijela pravda<\/em> pripremala je teroristi\u010dke napade na elektrane i trafostanice i kidnapovanje pripadnika policije i visokopozicioniranih Jevreja. \u010ce&scaron;ki list <em>Mlada fronta dnes<\/em> prenosi podatke s tajnog neonacisti\u010dkog internet portala na kojem stoji da su \u010dlanovi organizacije u &quot;borbenim kampovima&quot; podu\u010davani na uni&scaron;tavanje zgrada, dizanje u vazdu automobila, ali i borbu oru\u017ejem ili golim rukama.<\/p>\n<p>\u010ce&scaron;ki list je do tajnih informacija do&scaron;ao svjedo\u010denjem dvojice pripadnika neonacisti\u010dke grupe koji su ujedno i njeni osniva\u010di Filip Stransky i Lukas Sedlacek.<\/p>\n<p><em>Bijela pravda<\/em> je organizovala \u010detiri borbena kampa u kojima je profesionalni vojnik Sedlacek zainteresovane podu\u010davao izvr&scaron;enju napada na istaknute li\u010dnosti i gra\u0111evine. <\/p>\n<p>Organizacija je pokrenula projekt <em>Crvena stra\u017ea<\/em> u okviru kojeg su neonacisti planirali da prate i zastra&scaron;uju &quot;ideolo&scaron;ke neprijatelje&quot;, posebno anarhiste i policiju.<\/p>\n<p>U stanu jednoga od osniva\u010da neonacisti\u010dke grupe policija je prona&scaron;la dva nacrta hidroelektrane u \u017deleznom brodu, na sjeveru \u010ce&scaron;ke. <\/p>\n","protected":false},"excerpt":{"rendered":"<p>\u010ce&scaron;ka ekstremisti\u010dka skupina Bijela pravda pripremala je teroristi\u010dke napade na elektrane i trafostanice i kidnapovanje pripadnika policije i visokopozicioniranih Jevreja. \u010ce&scaron;ki list Mlada fronta dnes prenosi podatke s tajnog neonacisti\u010dkog internet portala na kojem stoji da su \u010dlanovi organizacije u &quot;borbenim kampovima&quot; podu\u010davani na uni&scaron;tavanje zgrada, dizanje u vazdu automobila, ali i borbu oru\u017ejem ili [&hellip;]<\/p>\n","protected":false},"author":1,"featured_media":0,"comment_status":"open","ping_status":"closed","sticky":false,"template":"","format":"standard","meta":{"_seopress_robots_primary_cat":"","_seopress_titles_title":"","_seopress_titles_desc":"","_seopress_robots_index":"","_et_pb_use_builder":"","_et_pb_old_content":"","_et_gb_content_width":"","inline_featured_image":false,"footnotes":""},"categories":[14],"tags":[],"class_list":["post-32523","post","type-post","status-publish","format-standard","hentry","category-vijesti"],"_links":{"self":[{"href":"https:\/\/www.pcnen.com\/portal\/wp-json\/wp\/v2\/posts\/32523","targetHints":{"allow":["GET"]}}],"collection":[{"href":"https:\/\/www.pcnen.com\/portal\/wp-json\/wp\/v2\/posts"}],"about":[{"href":"https:\/\/www.pcnen.com\/portal\/wp-json\/wp\/v2\/types\/post"}],"author":[{"embeddable":true,"href":"https:\/\/www.pcnen.com\/portal\/wp-json\/wp\/v2\/users\/1"}],"replies":[{"embeddable":true,"href":"https:\/\/www.pcnen.com\/portal\/wp-json\/wp\/v2\/comments?post=32523"}],"version-history":[{"count":0,"href":"https:\/\/www.pcnen.com\/portal\/wp-json\/wp\/v2\/posts\/32523\/revisions"}],"wp:attachment":[{"href":"https:\/\/www.pcnen.com\/portal\/wp-json\/wp\/v2\/media?parent=32523"}],"wp:term":[{"taxonomy":"category","embeddable":true,"href":"https:\/\/www.pcnen.com\/portal\/wp-json\/wp\/v2\/categories?post=32523"},{"taxonomy":"post_tag","embeddable":true,"href":"https:\/\/www.pcnen.com\/portal\/wp-json\/wp\/v2\/tags?post=32523"}],"curies":[{"name":"wp","href":"https:\/\/api.w.org\/{rel}","templated":true}]}}