{"id":32513,"date":"2009-11-06T10:10:05","date_gmt":"2009-11-06T10:10:05","guid":{"rendered":"http:\/\/www.pcnen.com\/portal\/?p=32513"},"modified":"2009-11-06T10:10:05","modified_gmt":"2009-11-06T10:10:05","slug":"na-cetinju-nece-biti-izbori-u-novembru","status":"publish","type":"post","link":"https:\/\/www.pcnen.com\/portal\/2009\/11\/06\/na-cetinju-nece-biti-izbori-u-novembru\/","title":{"rendered":"Na Cetinju ne\u0107e biti izbori u novembru"},"content":{"rendered":"<p>Upravni sud Crne Gore poni&scaron;tio je odluku predsjednika Op&scaron;tine Cetinje Mila Jankovi\u0107a o raspisivanju izbora za lokalni parlament, pi&scaron;e danas podgori\u010dka &scaron;tampa.<\/p>\n<p>Ustavni sud je donio odluku na osnovu tu\u017ebe Socijalisti\u010dke narodne partije u kojoj se navodi da je odluka o raspisivanju izbora nezakonita jer je Jankovi\u0107, umjesto 60, za izbornu kampanju ostavio 59 dana. <\/p>\n<p>Izbori na Cetinju bili su zakazani za 22. novembar, a kada \u0107e se i odr\u017eati zavisio od toga da li \u0107e se&nbsp;posti\u0107i dogovor&nbsp;o prihvatanju Jankovi\u0107eve odluke&nbsp;da datum glasanja bude 6. decembar, ili \u0107e se ponoviti raspisivanja izbora.<\/p>\n","protected":false},"excerpt":{"rendered":"<p>Upravni sud Crne Gore poni&scaron;tio je odluku predsjednika Op&scaron;tine Cetinje Mila Jankovi\u0107a o raspisivanju izbora za lokalni parlament, pi&scaron;e danas podgori\u010dka &scaron;tampa. Ustavni sud je donio odluku na osnovu tu\u017ebe Socijalisti\u010dke narodne partije u kojoj se navodi da je odluka o raspisivanju izbora nezakonita jer je Jankovi\u0107, umjesto 60, za izbornu kampanju ostavio 59 dana. [&hellip;]<\/p>\n","protected":false},"author":1,"featured_media":0,"comment_status":"open","ping_status":"closed","sticky":false,"template":"","format":"standard","meta":{"_seopress_robots_primary_cat":"","_seopress_titles_title":"","_seopress_titles_desc":"","_seopress_robots_index":"","_et_pb_use_builder":"","_et_pb_old_content":"","_et_gb_content_width":"","inline_featured_image":false,"footnotes":""},"categories":[14],"tags":[],"class_list":["post-32513","post","type-post","status-publish","format-standard","hentry","category-vijesti"],"_links":{"self":[{"href":"https:\/\/www.pcnen.com\/portal\/wp-json\/wp\/v2\/posts\/32513","targetHints":{"allow":["GET"]}}],"collection":[{"href":"https:\/\/www.pcnen.com\/portal\/wp-json\/wp\/v2\/posts"}],"about":[{"href":"https:\/\/www.pcnen.com\/portal\/wp-json\/wp\/v2\/types\/post"}],"author":[{"embeddable":true,"href":"https:\/\/www.pcnen.com\/portal\/wp-json\/wp\/v2\/users\/1"}],"replies":[{"embeddable":true,"href":"https:\/\/www.pcnen.com\/portal\/wp-json\/wp\/v2\/comments?post=32513"}],"version-history":[{"count":0,"href":"https:\/\/www.pcnen.com\/portal\/wp-json\/wp\/v2\/posts\/32513\/revisions"}],"wp:attachment":[{"href":"https:\/\/www.pcnen.com\/portal\/wp-json\/wp\/v2\/media?parent=32513"}],"wp:term":[{"taxonomy":"category","embeddable":true,"href":"https:\/\/www.pcnen.com\/portal\/wp-json\/wp\/v2\/categories?post=32513"},{"taxonomy":"post_tag","embeddable":true,"href":"https:\/\/www.pcnen.com\/portal\/wp-json\/wp\/v2\/tags?post=32513"}],"curies":[{"name":"wp","href":"https:\/\/api.w.org\/{rel}","templated":true}]}}