{"id":32505,"date":"2009-11-05T19:13:26","date_gmt":"2009-11-05T19:13:26","guid":{"rendered":"http:\/\/www.pcnen.com\/portal\/?p=32505"},"modified":"2009-11-05T19:13:26","modified_gmt":"2009-11-05T19:13:26","slug":"lavrov-rusija-hoce-kompromis-u-bih-i-odlazak-ohr","status":"publish","type":"post","link":"https:\/\/www.pcnen.com\/portal\/2009\/11\/05\/lavrov-rusija-hoce-kompromis-u-bih-i-odlazak-ohr\/","title":{"rendered":"Lavrov: Rusija ho\u0107e kompromis u BiH i odlazak OHR"},"content":{"rendered":"<p>Rusija je za po&scaron;tovanje Dejtona, transformaciju OHR i ukidanje bonskih ovla&scaron;\u0107enja, ali \u0107e podr\u017eati svako rje&scaron;enje do kojeg narodi BiH do\u0111u kompromisom, rekao je ruski &scaron;ef diplomatije Sergej Lavrov u Sarajevu, prenosi <em>Doj\u010de vele<\/em>. <\/p>\n<p>Nakon razgovora sa \u010dlanovima Predsedni&scaron;tva BiH i ministrom spoljnih poslova BiH Svenom Alkalajem, &scaron;ef ruske diplomatije Sergej Lavrov izjavio je da se Rusija zala\u017ee za striktno po&scaron;tovanje Dejtonskog sporazuma, hitnu transformaciju Kancelarije visokog predstavnika i ukidanje bonskih ovla&scaron;\u0107enja koja, prema njegovim re\u010dima, usporavaju afirmaciju dr\u017eavnosti BiH.<\/p>\n<p>&quot;\u010cinjenica da je BiH postala nestalna \u010dlanica Saveta bezbjednosti UN potvr\u0111uje da ta zemlja mora preuzeti odgovornost za sopstvenu sudbinu. Zato je neophodno da se hitno ispune svi uslovi koje je postavilo Vije\u0107e za sprovo\u0111enje mira kako bi se OHR (<em>Kancelarija visokog predstavnika za BiH<\/em>) transformisao u Kancelariju specijalnog predstavnika Evropske unije (EUSR)&quot;, rekao je Lavrov.<\/p>\n","protected":false},"excerpt":{"rendered":"<p>Rusija je za po&scaron;tovanje Dejtona, transformaciju OHR i ukidanje bonskih ovla&scaron;\u0107enja, ali \u0107e podr\u017eati svako rje&scaron;enje do kojeg narodi BiH do\u0111u kompromisom, rekao je ruski &scaron;ef diplomatije Sergej Lavrov u Sarajevu, prenosi Doj\u010de vele. Nakon razgovora sa \u010dlanovima Predsedni&scaron;tva BiH i ministrom spoljnih poslova BiH Svenom Alkalajem, &scaron;ef ruske diplomatije Sergej Lavrov izjavio je da [&hellip;]<\/p>\n","protected":false},"author":1,"featured_media":0,"comment_status":"open","ping_status":"closed","sticky":false,"template":"","format":"standard","meta":{"_seopress_robots_primary_cat":"","_seopress_titles_title":"","_seopress_titles_desc":"","_seopress_robots_index":"","_et_pb_use_builder":"","_et_pb_old_content":"","_et_gb_content_width":"","inline_featured_image":false,"footnotes":""},"categories":[14],"tags":[],"class_list":["post-32505","post","type-post","status-publish","format-standard","hentry","category-vijesti"],"_links":{"self":[{"href":"https:\/\/www.pcnen.com\/portal\/wp-json\/wp\/v2\/posts\/32505","targetHints":{"allow":["GET"]}}],"collection":[{"href":"https:\/\/www.pcnen.com\/portal\/wp-json\/wp\/v2\/posts"}],"about":[{"href":"https:\/\/www.pcnen.com\/portal\/wp-json\/wp\/v2\/types\/post"}],"author":[{"embeddable":true,"href":"https:\/\/www.pcnen.com\/portal\/wp-json\/wp\/v2\/users\/1"}],"replies":[{"embeddable":true,"href":"https:\/\/www.pcnen.com\/portal\/wp-json\/wp\/v2\/comments?post=32505"}],"version-history":[{"count":0,"href":"https:\/\/www.pcnen.com\/portal\/wp-json\/wp\/v2\/posts\/32505\/revisions"}],"wp:attachment":[{"href":"https:\/\/www.pcnen.com\/portal\/wp-json\/wp\/v2\/media?parent=32505"}],"wp:term":[{"taxonomy":"category","embeddable":true,"href":"https:\/\/www.pcnen.com\/portal\/wp-json\/wp\/v2\/categories?post=32505"},{"taxonomy":"post_tag","embeddable":true,"href":"https:\/\/www.pcnen.com\/portal\/wp-json\/wp\/v2\/tags?post=32505"}],"curies":[{"name":"wp","href":"https:\/\/api.w.org\/{rel}","templated":true}]}}