{"id":325013,"date":"2021-08-06T13:50:22","date_gmt":"2021-08-06T11:50:22","guid":{"rendered":"https:\/\/www.pcnen.com\/portal\/?p=325013"},"modified":"2021-08-06T14:41:06","modified_gmt":"2021-08-06T12:41:06","slug":"fond-pio-ukida-nezakonitu-penziju-ranku-krivokapicu","status":"publish","type":"post","link":"https:\/\/www.pcnen.com\/portal\/2021\/08\/06\/fond-pio-ukida-nezakonitu-penziju-ranku-krivokapicu\/","title":{"rendered":"Fond PIO ukida nezakonitu penziju Ranku Krivokapi\u0107u"},"content":{"rendered":"<p><a href=\"https:\/\/www.pcnen.com\/portal\/2021\/07\/01\/ranko-krivokapic-penzionisan-po-zakonu-cija-je-ustavnost-osporena-prije-cetiri-godine\/\">PCNEN je otkrio<\/a> da Krivokapi\u0107 prima penziju iako za to nema zakonskog osnova, jer je rje\u0161enje o penziji izdato na osnovu \u010dlana zakona koji je progla\u0161en neustavnim jo\u0161 2017. godine. Nakon toga je nova uprava Fonda PIO provjerila navode iz teksta i stupila u akciju.<\/p>\n<p>Novo rukovodstvo je, prema saznanjima PCNEN-a, podnijelo tri krivi\u010dne prijave protiv lica za koja se sumnja da su u\u010destvovala u malverzaciji koja je mogla skupo ko\u0161tati Fond PIO. Tako\u0111e pokrenut je i disciplinski postupak, a planirana je i suspenzija donosioca rje\u0161enja.<\/p>\n<p>PCNEN je nekoliko mjeseci istra\u017eivao slu\u010daj nezakonite penzije biv\u0161eg visokog dr\u017eavnog funkcionera i dugogodi\u0161njeg lidera Socijaldemokratske partije, koji je stara uprava Fonda PIO na vi\u0161e na\u010dina poku\u0161ala da zata\u0161ka da je na kraju izdali la\u017eno rje\u0161enje u kojem je re\u010deno da Ranko Krivokapi\u0107 ne u\u017eiva penziju.<\/p>\n<p>Krivokapi\u0107 nezakonitu penziju prima od decembra pro\u0161le godine.<\/p>\n<p><strong>V. Vujisi\u0107<\/strong><\/p>\n<blockquote class=\"wp-embedded-content\" data-secret=\"AEvEvmH0lm\"><p><a href=\"https:\/\/www.pcnen.com\/portal\/2021\/07\/01\/ranko-krivokapic-penzionisan-po-zakonu-cija-je-ustavnost-osporena-prije-cetiri-godine\/\">Ranko Krivokapi\u0107 penzionisan po zakonu \u010dija je ustavnost osporena prije \u010detiri godine<\/a><\/p><\/blockquote>\n<p><iframe loading=\"lazy\" class=\"wp-embedded-content\" sandbox=\"allow-scripts\" security=\"restricted\" style=\"position: absolute; clip: rect(1px, 1px, 1px, 1px);\" title=\"&#8220;Ranko Krivokapi\u0107 penzionisan po zakonu \u010dija je ustavnost osporena prije \u010detiri godine&#8221; &#8212; PCNEN\" src=\"https:\/\/www.pcnen.com\/portal\/2021\/07\/01\/ranko-krivokapic-penzionisan-po-zakonu-cija-je-ustavnost-osporena-prije-cetiri-godine\/embed\/#?secret=dAavBqcbxe#?secret=AEvEvmH0lm\" data-secret=\"AEvEvmH0lm\" width=\"600\" height=\"338\" frameborder=\"0\" marginwidth=\"0\" marginheight=\"0\" scrolling=\"no\"><\/iframe><\/p>\n","protected":false},"excerpt":{"rendered":"<p>Nova uprava Fonda PIO je, nakon provjera, odlu\u010dila da poni\u0161ti rje\u0161enje o penziji biv\u0161em predsjedniku Skup\u0161tine Crne Gore Ranku Krivokapi\u0107u i zatra\u017ei\u0107e od njega povra\u0107aj do sada ispla\u0107enog novca, saznaje PCNEN. Ovaj postupak je bio u zastoju zbog \u0161trajka advokata.<\/p>\n","protected":false},"author":1,"featured_media":325014,"comment_status":"open","ping_status":"closed","sticky":false,"template":"","format":"standard","meta":{"_seopress_robots_primary_cat":"","_seopress_titles_title":"","_seopress_titles_desc":"","_seopress_robots_index":"","_et_pb_use_builder":"","_et_pb_old_content":"","_et_gb_content_width":"","inline_featured_image":false,"footnotes":""},"categories":[14,12],"tags":[],"class_list":["post-325013","post","type-post","status-publish","format-standard","has-post-thumbnail","hentry","category-vijesti","category-prica-dana"],"_links":{"self":[{"href":"https:\/\/www.pcnen.com\/portal\/wp-json\/wp\/v2\/posts\/325013","targetHints":{"allow":["GET"]}}],"collection":[{"href":"https:\/\/www.pcnen.com\/portal\/wp-json\/wp\/v2\/posts"}],"about":[{"href":"https:\/\/www.pcnen.com\/portal\/wp-json\/wp\/v2\/types\/post"}],"author":[{"embeddable":true,"href":"https:\/\/www.pcnen.com\/portal\/wp-json\/wp\/v2\/users\/1"}],"replies":[{"embeddable":true,"href":"https:\/\/www.pcnen.com\/portal\/wp-json\/wp\/v2\/comments?post=325013"}],"version-history":[{"count":4,"href":"https:\/\/www.pcnen.com\/portal\/wp-json\/wp\/v2\/posts\/325013\/revisions"}],"predecessor-version":[{"id":325018,"href":"https:\/\/www.pcnen.com\/portal\/wp-json\/wp\/v2\/posts\/325013\/revisions\/325018"}],"wp:featuredmedia":[{"embeddable":true,"href":"https:\/\/www.pcnen.com\/portal\/wp-json\/wp\/v2\/media\/325014"}],"wp:attachment":[{"href":"https:\/\/www.pcnen.com\/portal\/wp-json\/wp\/v2\/media?parent=325013"}],"wp:term":[{"taxonomy":"category","embeddable":true,"href":"https:\/\/www.pcnen.com\/portal\/wp-json\/wp\/v2\/categories?post=325013"},{"taxonomy":"post_tag","embeddable":true,"href":"https:\/\/www.pcnen.com\/portal\/wp-json\/wp\/v2\/tags?post=325013"}],"curies":[{"name":"wp","href":"https:\/\/api.w.org\/{rel}","templated":true}]}}