{"id":32500,"date":"2009-11-05T17:26:43","date_gmt":"2009-11-05T17:26:43","guid":{"rendered":"http:\/\/www.pcnen.com\/portal\/?p=32500"},"modified":"2009-11-05T17:26:43","modified_gmt":"2009-11-05T17:26:43","slug":"karadzicu-nametnut-branilac-sudenje-u-martu","status":"publish","type":"post","link":"https:\/\/www.pcnen.com\/portal\/2009\/11\/05\/karadzicu-nametnut-branilac-sudenje-u-martu\/","title":{"rendered":"Karad\u017ei\u0107u nametnut branilac, su\u0111enje u martu"},"content":{"rendered":"<p>Ha&scaron;ki tribunal odlu\u010dio je danas da biv&scaron;em predsjedniku Republike Srpske Radovanu Karad\u017ei\u0107u nametne branioca, javila je <em>Beta<\/em>.<\/p>\n<p>Prema odluci, su\u0111enje Karad\u017ei\u0107u \u0107e se nastaviti 1. marta 2010. godine.<\/p>\n<p>Karad\u017ei\u0107 je optu\u017een za genocid nad Muslimanima i Hrvatima u BiH. <\/p>\n","protected":false},"excerpt":{"rendered":"<p>Ha&scaron;ki tribunal odlu\u010dio je danas da biv&scaron;em predsjedniku Republike Srpske Radovanu Karad\u017ei\u0107u nametne branioca, javila je Beta. Prema odluci, su\u0111enje Karad\u017ei\u0107u \u0107e se nastaviti 1. marta 2010. godine. Karad\u017ei\u0107 je optu\u017een za genocid nad Muslimanima i Hrvatima u BiH.<\/p>\n","protected":false},"author":1,"featured_media":0,"comment_status":"open","ping_status":"closed","sticky":false,"template":"","format":"standard","meta":{"_seopress_robots_primary_cat":"","_seopress_titles_title":"","_seopress_titles_desc":"","_seopress_robots_index":"","_et_pb_use_builder":"","_et_pb_old_content":"","_et_gb_content_width":"","inline_featured_image":false,"footnotes":""},"categories":[14],"tags":[],"class_list":["post-32500","post","type-post","status-publish","format-standard","hentry","category-vijesti"],"_links":{"self":[{"href":"https:\/\/www.pcnen.com\/portal\/wp-json\/wp\/v2\/posts\/32500","targetHints":{"allow":["GET"]}}],"collection":[{"href":"https:\/\/www.pcnen.com\/portal\/wp-json\/wp\/v2\/posts"}],"about":[{"href":"https:\/\/www.pcnen.com\/portal\/wp-json\/wp\/v2\/types\/post"}],"author":[{"embeddable":true,"href":"https:\/\/www.pcnen.com\/portal\/wp-json\/wp\/v2\/users\/1"}],"replies":[{"embeddable":true,"href":"https:\/\/www.pcnen.com\/portal\/wp-json\/wp\/v2\/comments?post=32500"}],"version-history":[{"count":0,"href":"https:\/\/www.pcnen.com\/portal\/wp-json\/wp\/v2\/posts\/32500\/revisions"}],"wp:attachment":[{"href":"https:\/\/www.pcnen.com\/portal\/wp-json\/wp\/v2\/media?parent=32500"}],"wp:term":[{"taxonomy":"category","embeddable":true,"href":"https:\/\/www.pcnen.com\/portal\/wp-json\/wp\/v2\/categories?post=32500"},{"taxonomy":"post_tag","embeddable":true,"href":"https:\/\/www.pcnen.com\/portal\/wp-json\/wp\/v2\/tags?post=32500"}],"curies":[{"name":"wp","href":"https:\/\/api.w.org\/{rel}","templated":true}]}}