{"id":32497,"date":"2009-11-05T14:39:18","date_gmt":"2009-11-05T14:39:18","guid":{"rendered":"http:\/\/www.pcnen.com\/portal\/?p=32497"},"modified":"2009-11-05T14:39:18","modified_gmt":"2009-11-05T14:39:18","slug":"durovic-trazicemo-pomoc-sto-zbog-spora-s-ukrajinom","status":"publish","type":"post","link":"https:\/\/www.pcnen.com\/portal\/2009\/11\/05\/durovic-trazicemo-pomoc-sto-zbog-spora-s-ukrajinom\/","title":{"rendered":"\u0110urovi\u0107: Tra\u017ei\u0107emo pomo\u0107 STO zbog spora s Ukrajinom"},"content":{"rendered":"<p>Crna Gora \u0107e na Ministarskoj konferenciji Svjetske trgovinske organizacije (STO) 1. decembra zatra\u017eiti podr&scaron;ku i pomo\u0107 \u010dlanica kako bi spor sa Ukrajinom bio okon\u010dan u razumnom roku, najavljeno je iz crnogorske Vlade.<\/p>\n<p>Ministar za evropske integracije, Gordana \u0110urovi\u0107, kazala je da \u0107e na Ministarskoj konferenciji u \u017denevi biti saop&scaron;ten i zvani\u010dni stav Crne Gore o tom pitanju, prenosi portal <em><a href=\"http:\/\/www.seebiz.eu\/cg\/makroekonomija\/crna-gora\/durovic-trazicemo-pomoc-sto-zbog-spora-s-ukrajinom,60365.html\">SEEbiz.eu<\/a><\/em> vijest agencije <em>Mina-business<\/em>.<\/p>\n<p>&quot;Tada \u0107emo, kao zemlja posmatra\u010d, imati pravo da iznesemo stav u vezi sa postoje\u0107im problemom i zatra\u017eimo podr&scaron;ku i pomo\u0107 \u010dlanica STO u posredovanju na bilateralu, kako bi on bio okon\u010dan u razumnom roku&quot;, rekla je \u0110urovi\u0107.<\/p>\n<p>To bi, kako je objasnila, podrazumijevalo da 152 \u010dlanice STO i Crna Gora poku&scaron;aju da ubijede Ukrajinu, da ono &scaron;to je odavno bilo prihvatljivo za sve, kona\u010dno, uz dodatno ponu\u0111ene koncesije, bude prihvatljivo i za ukrajinsku stranu.<\/p>\n","protected":false},"excerpt":{"rendered":"<p>Crna Gora \u0107e na Ministarskoj konferenciji Svjetske trgovinske organizacije (STO) 1. decembra zatra\u017eiti podr&scaron;ku i pomo\u0107 \u010dlanica kako bi spor sa Ukrajinom bio okon\u010dan u razumnom roku, najavljeno je iz crnogorske Vlade. Ministar za evropske integracije, Gordana \u0110urovi\u0107, kazala je da \u0107e na Ministarskoj konferenciji u \u017denevi biti saop&scaron;ten i zvani\u010dni stav Crne Gore o [&hellip;]<\/p>\n","protected":false},"author":1,"featured_media":0,"comment_status":"open","ping_status":"closed","sticky":false,"template":"","format":"standard","meta":{"_seopress_robots_primary_cat":"","_seopress_titles_title":"","_seopress_titles_desc":"","_seopress_robots_index":"","_et_pb_use_builder":"","_et_pb_old_content":"","_et_gb_content_width":"","inline_featured_image":false,"footnotes":""},"categories":[14],"tags":[],"class_list":["post-32497","post","type-post","status-publish","format-standard","hentry","category-vijesti"],"_links":{"self":[{"href":"https:\/\/www.pcnen.com\/portal\/wp-json\/wp\/v2\/posts\/32497","targetHints":{"allow":["GET"]}}],"collection":[{"href":"https:\/\/www.pcnen.com\/portal\/wp-json\/wp\/v2\/posts"}],"about":[{"href":"https:\/\/www.pcnen.com\/portal\/wp-json\/wp\/v2\/types\/post"}],"author":[{"embeddable":true,"href":"https:\/\/www.pcnen.com\/portal\/wp-json\/wp\/v2\/users\/1"}],"replies":[{"embeddable":true,"href":"https:\/\/www.pcnen.com\/portal\/wp-json\/wp\/v2\/comments?post=32497"}],"version-history":[{"count":0,"href":"https:\/\/www.pcnen.com\/portal\/wp-json\/wp\/v2\/posts\/32497\/revisions"}],"wp:attachment":[{"href":"https:\/\/www.pcnen.com\/portal\/wp-json\/wp\/v2\/media?parent=32497"}],"wp:term":[{"taxonomy":"category","embeddable":true,"href":"https:\/\/www.pcnen.com\/portal\/wp-json\/wp\/v2\/categories?post=32497"},{"taxonomy":"post_tag","embeddable":true,"href":"https:\/\/www.pcnen.com\/portal\/wp-json\/wp\/v2\/tags?post=32497"}],"curies":[{"name":"wp","href":"https:\/\/api.w.org\/{rel}","templated":true}]}}