{"id":32495,"date":"2009-11-05T13:31:01","date_gmt":"2009-11-05T13:31:01","guid":{"rendered":"http:\/\/www.pcnen.com\/portal\/?p=32495"},"modified":"2009-11-05T13:31:01","modified_gmt":"2009-11-05T13:31:01","slug":"msp-predlaze-ukidanje-viza-za-srbiju-cg-i-makedoniju-prije-1-januara","status":"publish","type":"post","link":"https:\/\/www.pcnen.com\/portal\/2009\/11\/05\/msp-predlaze-ukidanje-viza-za-srbiju-cg-i-makedoniju-prije-1-januara\/","title":{"rendered":"MSP predla\u017ee ukidanje viza za Srbiju, CG i Makedoniju prije 1. januara"},"content":{"rendered":"<p>Slovena\u010dko ministarstvo spoljnih poslova saop&scaron;tilo je danas da \u0107e vize za gra\u0111ane Srbije, Crne Gore i Makedonije biti ukinute prije bo\u017ei\u0107nih i novogodi&scaron;njih praznika, javila je agencija <em>Beta<\/em>.<\/p>\n<p>&quot;Slovenija je ju\u010de na zasijedanju radne grupe za vize na sjednici Savjeta EU predlo\u017eila da bezvizni re\u017eim za Srbiju, Crnu Goru i Makedoniju po\u010dne da se sprovodi ve\u0107 od 19. decembra ove godine, a ne od 1. januara 2010. kako je bilo ranije najavljeno&quot;, navodi se u saop&scaron;tenju.<\/p>\n<p>Slovena\u010dko ministarstvo je naglasilo da \u0107e &quot;za Srbiju i Crnu Goru prije toga biti potrebno pri\u010dekati i na drugi izvje&scaron;taj ekspertske grupe o ispunjavanju kriterijuma za liberalizaciju viznog re\u017eima, ali Slovenija pritom ne o\u010dekuje posebne te&scaron;ko\u0107e&quot;.<\/p>\n<p>Predlog bi uskoro trebalo da razmatra i Evropski parlament, a Savjet \u0107e ga, kako se predvi\u0111a, usvojiti sredinom novembra. <\/p>\n","protected":false},"excerpt":{"rendered":"<p>Slovena\u010dko ministarstvo spoljnih poslova saop&scaron;tilo je danas da \u0107e vize za gra\u0111ane Srbije, Crne Gore i Makedonije biti ukinute prije bo\u017ei\u0107nih i novogodi&scaron;njih praznika, javila je agencija Beta. &quot;Slovenija je ju\u010de na zasijedanju radne grupe za vize na sjednici Savjeta EU predlo\u017eila da bezvizni re\u017eim za Srbiju, Crnu Goru i Makedoniju po\u010dne da se sprovodi [&hellip;]<\/p>\n","protected":false},"author":1,"featured_media":0,"comment_status":"open","ping_status":"closed","sticky":false,"template":"","format":"standard","meta":{"_seopress_robots_primary_cat":"","_seopress_titles_title":"","_seopress_titles_desc":"","_seopress_robots_index":"","_et_pb_use_builder":"","_et_pb_old_content":"","_et_gb_content_width":"","inline_featured_image":false,"footnotes":""},"categories":[14],"tags":[],"class_list":["post-32495","post","type-post","status-publish","format-standard","hentry","category-vijesti"],"_links":{"self":[{"href":"https:\/\/www.pcnen.com\/portal\/wp-json\/wp\/v2\/posts\/32495","targetHints":{"allow":["GET"]}}],"collection":[{"href":"https:\/\/www.pcnen.com\/portal\/wp-json\/wp\/v2\/posts"}],"about":[{"href":"https:\/\/www.pcnen.com\/portal\/wp-json\/wp\/v2\/types\/post"}],"author":[{"embeddable":true,"href":"https:\/\/www.pcnen.com\/portal\/wp-json\/wp\/v2\/users\/1"}],"replies":[{"embeddable":true,"href":"https:\/\/www.pcnen.com\/portal\/wp-json\/wp\/v2\/comments?post=32495"}],"version-history":[{"count":0,"href":"https:\/\/www.pcnen.com\/portal\/wp-json\/wp\/v2\/posts\/32495\/revisions"}],"wp:attachment":[{"href":"https:\/\/www.pcnen.com\/portal\/wp-json\/wp\/v2\/media?parent=32495"}],"wp:term":[{"taxonomy":"category","embeddable":true,"href":"https:\/\/www.pcnen.com\/portal\/wp-json\/wp\/v2\/categories?post=32495"},{"taxonomy":"post_tag","embeddable":true,"href":"https:\/\/www.pcnen.com\/portal\/wp-json\/wp\/v2\/tags?post=32495"}],"curies":[{"name":"wp","href":"https:\/\/api.w.org\/{rel}","templated":true}]}}