{"id":32493,"date":"2009-11-05T11:40:13","date_gmt":"2009-11-05T11:40:13","guid":{"rendered":"http:\/\/www.pcnen.com\/portal\/?p=32493"},"modified":"2009-11-05T11:40:13","modified_gmt":"2009-11-05T11:40:13","slug":"alarmantan-broj-maloljetnih-kriminalaca-u-sarajevu","status":"publish","type":"post","link":"https:\/\/www.pcnen.com\/portal\/2009\/11\/05\/alarmantan-broj-maloljetnih-kriminalaca-u-sarajevu\/","title":{"rendered":"Alarmantan broj maloljetnih kriminalaca u Sarajevu"},"content":{"rendered":"<p>Za devet mjeseci ove godine u Kantonu Sarajevo 214 maloljetnika po\u010dinilo je 470 krivi\u010dnih djela, podaci su MUP-a ovog kantona.<\/p>\n<p>Porede\u0107i ovaj podatak sa istim periodom pro&scaron;le godine, broj maloljetnih izvr&scaron;ilaca pove\u0107an je za 14,4 odsto, a broj krivi\u010dnih djela koja su po\u010dinili ve\u0107i je za 53 odsto, prenosi <em>Dnevni avaz<\/em>.<\/p>\n","protected":false},"excerpt":{"rendered":"<p>Za devet mjeseci ove godine u Kantonu Sarajevo 214 maloljetnika po\u010dinilo je 470 krivi\u010dnih djela, podaci su MUP-a ovog kantona. Porede\u0107i ovaj podatak sa istim periodom pro&scaron;le godine, broj maloljetnih izvr&scaron;ilaca pove\u0107an je za 14,4 odsto, a broj krivi\u010dnih djela koja su po\u010dinili ve\u0107i je za 53 odsto, prenosi Dnevni avaz.<\/p>\n","protected":false},"author":1,"featured_media":0,"comment_status":"open","ping_status":"closed","sticky":false,"template":"","format":"standard","meta":{"_seopress_robots_primary_cat":"","_seopress_titles_title":"","_seopress_titles_desc":"","_seopress_robots_index":"","_et_pb_use_builder":"","_et_pb_old_content":"","_et_gb_content_width":"","inline_featured_image":false,"footnotes":""},"categories":[14],"tags":[],"class_list":["post-32493","post","type-post","status-publish","format-standard","hentry","category-vijesti"],"_links":{"self":[{"href":"https:\/\/www.pcnen.com\/portal\/wp-json\/wp\/v2\/posts\/32493","targetHints":{"allow":["GET"]}}],"collection":[{"href":"https:\/\/www.pcnen.com\/portal\/wp-json\/wp\/v2\/posts"}],"about":[{"href":"https:\/\/www.pcnen.com\/portal\/wp-json\/wp\/v2\/types\/post"}],"author":[{"embeddable":true,"href":"https:\/\/www.pcnen.com\/portal\/wp-json\/wp\/v2\/users\/1"}],"replies":[{"embeddable":true,"href":"https:\/\/www.pcnen.com\/portal\/wp-json\/wp\/v2\/comments?post=32493"}],"version-history":[{"count":0,"href":"https:\/\/www.pcnen.com\/portal\/wp-json\/wp\/v2\/posts\/32493\/revisions"}],"wp:attachment":[{"href":"https:\/\/www.pcnen.com\/portal\/wp-json\/wp\/v2\/media?parent=32493"}],"wp:term":[{"taxonomy":"category","embeddable":true,"href":"https:\/\/www.pcnen.com\/portal\/wp-json\/wp\/v2\/categories?post=32493"},{"taxonomy":"post_tag","embeddable":true,"href":"https:\/\/www.pcnen.com\/portal\/wp-json\/wp\/v2\/tags?post=32493"}],"curies":[{"name":"wp","href":"https:\/\/api.w.org\/{rel}","templated":true}]}}