{"id":32492,"date":"2009-11-05T11:36:40","date_gmt":"2009-11-05T11:36:40","guid":{"rendered":"http:\/\/www.pcnen.com\/portal\/?p=32492"},"modified":"2009-11-05T11:36:40","modified_gmt":"2009-11-05T11:36:40","slug":"bandic-iskljucen-iz-sdp-hrvatske","status":"publish","type":"post","link":"https:\/\/www.pcnen.com\/portal\/2009\/11\/05\/bandic-iskljucen-iz-sdp-hrvatske\/","title":{"rendered":"Bandi\u0107 isklju\u010den iz SDP Hrvatske"},"content":{"rendered":"<p>Socijaldemokratska partija (SDP) Hrvatske jutros je saop&scaron;tila da je objavom kandidature za predsjednika Republike Hrvatske Milan Bandi\u0107 aktivirao automatsku primjenu \u010dlana 15. Statuta SDP-a, \u010dime mu je prestalo \u010dlanstvo u stranci. <\/p>\n<p>Time su mu prestala sva \u010dlanska prava, obaveze i funkcije koje je imao u Socijaldemokratskoj partiji Hrvatske, dodaje se u saop&scaron;tenju. <\/p>\n<p>Zamjenik predsjednika Gradske organizacije SDP-a Zagreb Ivo Jelu&scaron;i\u0107 privremeno \u0107e obavljati du\u017enost predsjednika Gradske organizacije SDP-a Zagreba, prenosi <em>RSE<\/em>.<\/p>\n","protected":false},"excerpt":{"rendered":"<p>Socijaldemokratska partija (SDP) Hrvatske jutros je saop&scaron;tila da je objavom kandidature za predsjednika Republike Hrvatske Milan Bandi\u0107 aktivirao automatsku primjenu \u010dlana 15. Statuta SDP-a, \u010dime mu je prestalo \u010dlanstvo u stranci. Time su mu prestala sva \u010dlanska prava, obaveze i funkcije koje je imao u Socijaldemokratskoj partiji Hrvatske, dodaje se u saop&scaron;tenju. Zamjenik predsjednika Gradske [&hellip;]<\/p>\n","protected":false},"author":1,"featured_media":0,"comment_status":"open","ping_status":"closed","sticky":false,"template":"","format":"standard","meta":{"_seopress_robots_primary_cat":"","_seopress_titles_title":"","_seopress_titles_desc":"","_seopress_robots_index":"","_et_pb_use_builder":"","_et_pb_old_content":"","_et_gb_content_width":"","inline_featured_image":false,"footnotes":""},"categories":[14],"tags":[],"class_list":["post-32492","post","type-post","status-publish","format-standard","hentry","category-vijesti"],"_links":{"self":[{"href":"https:\/\/www.pcnen.com\/portal\/wp-json\/wp\/v2\/posts\/32492","targetHints":{"allow":["GET"]}}],"collection":[{"href":"https:\/\/www.pcnen.com\/portal\/wp-json\/wp\/v2\/posts"}],"about":[{"href":"https:\/\/www.pcnen.com\/portal\/wp-json\/wp\/v2\/types\/post"}],"author":[{"embeddable":true,"href":"https:\/\/www.pcnen.com\/portal\/wp-json\/wp\/v2\/users\/1"}],"replies":[{"embeddable":true,"href":"https:\/\/www.pcnen.com\/portal\/wp-json\/wp\/v2\/comments?post=32492"}],"version-history":[{"count":0,"href":"https:\/\/www.pcnen.com\/portal\/wp-json\/wp\/v2\/posts\/32492\/revisions"}],"wp:attachment":[{"href":"https:\/\/www.pcnen.com\/portal\/wp-json\/wp\/v2\/media?parent=32492"}],"wp:term":[{"taxonomy":"category","embeddable":true,"href":"https:\/\/www.pcnen.com\/portal\/wp-json\/wp\/v2\/categories?post=32492"},{"taxonomy":"post_tag","embeddable":true,"href":"https:\/\/www.pcnen.com\/portal\/wp-json\/wp\/v2\/tags?post=32492"}],"curies":[{"name":"wp","href":"https:\/\/api.w.org\/{rel}","templated":true}]}}