{"id":32487,"date":"2009-11-05T10:07:02","date_gmt":"2009-11-05T10:07:02","guid":{"rendered":"http:\/\/www.pcnen.com\/portal\/?p=32487"},"modified":"2009-11-05T10:07:02","modified_gmt":"2009-11-05T10:07:02","slug":"papuljas-odbio-da-pos%d1%98eti-skoplje","status":"publish","type":"post","link":"https:\/\/www.pcnen.com\/portal\/2009\/11\/05\/papuljas-odbio-da-pos%d1%98eti-skoplje\/","title":{"rendered":"Papuljas odbio da pos\u0458eti Skoplje"},"content":{"rendered":"<p>Gr\u010dki predsjednik Karolos Papuljas odbacio je poziv makedonskog predsjednika \u0110or\u0111a Ivanova da posjeti Skoplje. <\/p>\n<p>Skopski mediji navode da je gr\u010dki predsjednik ponovio da evrointegracija Makedonije nije mogu\u0107a bez rje&scaron;enja spora o nazivu i odgovornost prebacio na makedonsku stranu.<\/p>\n<p>Makedonski predsjednik \u0110or\u0111e Ivanov je pozvao gr\u010dkog predsjednika da posjeti Skoplje, navode\u0107i da \u0107e njegova posjeta dati dopunski impuls ja\u010danju dobrosusjedskih odnosa.<\/p>\n<p>Kako prenosi Srna, ovo je tre\u0107i poziv Papuljasu, ali prvi zvani\u010dni. Prethodno su pozivi upu\u0107ivani za inaguraciju predsjednika Ivanova i za prisustvo na manifestaciji &quot;Ohridsko ljeto&quot;.<\/p>\n<p>Pregovori o iznala\u017eenju rje&scaron;enja spora izme\u0111u Skoplja i Atine u vezi sa nazivom Makedonija vode se od 1992. godine, a klju\u010dni gr\u010dki argument je da kori&scaron;\u0107enje imena Makedonija predstavlja &quot;bezbijednosnu prijetnju&quot;, jer Grci tako nazivaju svoju sjevernu oblast.<\/p>\n<p>UN su, radi rje&scaron;avanja problema, imenovale Metjua Nimica za specijalnog posrednika, koji je do sada odr\u017eao vi&scaron;e sastanaka sa predstavnicima dvije strane i iznio nekoliko prijedloga.<\/p>\n<p>Makedonski mediji navode da je Nimic u kontaktu sa Skopljem i Atinom i da je objema stranama predlo\u017eio sastanak u Njujorku, sredinom ovog mjeseca.<\/p>\n","protected":false},"excerpt":{"rendered":"<p>Gr\u010dki predsjednik Karolos Papuljas odbacio je poziv makedonskog predsjednika \u0110or\u0111a Ivanova da posjeti Skoplje. Skopski mediji navode da je gr\u010dki predsjednik ponovio da evrointegracija Makedonije nije mogu\u0107a bez rje&scaron;enja spora o nazivu i odgovornost prebacio na makedonsku stranu. Makedonski predsjednik \u0110or\u0111e Ivanov je pozvao gr\u010dkog predsjednika da posjeti Skoplje, navode\u0107i da \u0107e njegova posjeta dati [&hellip;]<\/p>\n","protected":false},"author":1,"featured_media":0,"comment_status":"open","ping_status":"closed","sticky":false,"template":"","format":"standard","meta":{"_seopress_robots_primary_cat":"","_seopress_titles_title":"","_seopress_titles_desc":"","_seopress_robots_index":"","_et_pb_use_builder":"","_et_pb_old_content":"","_et_gb_content_width":"","inline_featured_image":false,"footnotes":""},"categories":[14],"tags":[],"class_list":["post-32487","post","type-post","status-publish","format-standard","hentry","category-vijesti"],"_links":{"self":[{"href":"https:\/\/www.pcnen.com\/portal\/wp-json\/wp\/v2\/posts\/32487","targetHints":{"allow":["GET"]}}],"collection":[{"href":"https:\/\/www.pcnen.com\/portal\/wp-json\/wp\/v2\/posts"}],"about":[{"href":"https:\/\/www.pcnen.com\/portal\/wp-json\/wp\/v2\/types\/post"}],"author":[{"embeddable":true,"href":"https:\/\/www.pcnen.com\/portal\/wp-json\/wp\/v2\/users\/1"}],"replies":[{"embeddable":true,"href":"https:\/\/www.pcnen.com\/portal\/wp-json\/wp\/v2\/comments?post=32487"}],"version-history":[{"count":0,"href":"https:\/\/www.pcnen.com\/portal\/wp-json\/wp\/v2\/posts\/32487\/revisions"}],"wp:attachment":[{"href":"https:\/\/www.pcnen.com\/portal\/wp-json\/wp\/v2\/media?parent=32487"}],"wp:term":[{"taxonomy":"category","embeddable":true,"href":"https:\/\/www.pcnen.com\/portal\/wp-json\/wp\/v2\/categories?post=32487"},{"taxonomy":"post_tag","embeddable":true,"href":"https:\/\/www.pcnen.com\/portal\/wp-json\/wp\/v2\/tags?post=32487"}],"curies":[{"name":"wp","href":"https:\/\/api.w.org\/{rel}","templated":true}]}}