{"id":32485,"date":"2009-11-05T09:40:30","date_gmt":"2009-11-05T09:40:30","guid":{"rendered":"http:\/\/www.pcnen.com\/portal\/?p=32485"},"modified":"2009-11-05T09:40:30","modified_gmt":"2009-11-05T09:40:30","slug":"produzen-raspust-za-ucenike-u-srbiji","status":"publish","type":"post","link":"https:\/\/www.pcnen.com\/portal\/2009\/11\/05\/produzen-raspust-za-ucenike-u-srbiji\/","title":{"rendered":"Produ\u017een raspust za u\u010denike u Srbiji"},"content":{"rendered":"<p>Jesenji raspust za u\u010denike osnovnih i srednjih &scaron;kola u Srbiji po\u010deo je danas i traja\u0107e do srijede, 11. novembra. <\/p>\n<p>Prema &scaron;kolskom kalendaru, jesenji raspust je samo 5. i 6. novembra, a u\u010denici se odmaraju \u010detiri dana zbog spajanja tog raspusta i vikenda. Me\u0111utim, ove godine raspust \u0107e biti produ\u017een odlukom ministra prosvjete, koji je, na preporuku epidemiologa, raspustu dodao dva dana radi sprje\u010davanja &scaron;irenja novog gripa koji izaziva virus tipa A H1N1, prenose beogradski online mediji.<\/p>\n","protected":false},"excerpt":{"rendered":"<p>Jesenji raspust za u\u010denike osnovnih i srednjih &scaron;kola u Srbiji po\u010deo je danas i traja\u0107e do srijede, 11. novembra. Prema &scaron;kolskom kalendaru, jesenji raspust je samo 5. i 6. novembra, a u\u010denici se odmaraju \u010detiri dana zbog spajanja tog raspusta i vikenda. Me\u0111utim, ove godine raspust \u0107e biti produ\u017een odlukom ministra prosvjete, koji je, na [&hellip;]<\/p>\n","protected":false},"author":1,"featured_media":0,"comment_status":"open","ping_status":"closed","sticky":false,"template":"","format":"standard","meta":{"_seopress_robots_primary_cat":"","_seopress_titles_title":"","_seopress_titles_desc":"","_seopress_robots_index":"","_et_pb_use_builder":"","_et_pb_old_content":"","_et_gb_content_width":"","inline_featured_image":false,"footnotes":""},"categories":[14],"tags":[],"class_list":["post-32485","post","type-post","status-publish","format-standard","hentry","category-vijesti"],"_links":{"self":[{"href":"https:\/\/www.pcnen.com\/portal\/wp-json\/wp\/v2\/posts\/32485","targetHints":{"allow":["GET"]}}],"collection":[{"href":"https:\/\/www.pcnen.com\/portal\/wp-json\/wp\/v2\/posts"}],"about":[{"href":"https:\/\/www.pcnen.com\/portal\/wp-json\/wp\/v2\/types\/post"}],"author":[{"embeddable":true,"href":"https:\/\/www.pcnen.com\/portal\/wp-json\/wp\/v2\/users\/1"}],"replies":[{"embeddable":true,"href":"https:\/\/www.pcnen.com\/portal\/wp-json\/wp\/v2\/comments?post=32485"}],"version-history":[{"count":0,"href":"https:\/\/www.pcnen.com\/portal\/wp-json\/wp\/v2\/posts\/32485\/revisions"}],"wp:attachment":[{"href":"https:\/\/www.pcnen.com\/portal\/wp-json\/wp\/v2\/media?parent=32485"}],"wp:term":[{"taxonomy":"category","embeddable":true,"href":"https:\/\/www.pcnen.com\/portal\/wp-json\/wp\/v2\/categories?post=32485"},{"taxonomy":"post_tag","embeddable":true,"href":"https:\/\/www.pcnen.com\/portal\/wp-json\/wp\/v2\/tags?post=32485"}],"curies":[{"name":"wp","href":"https:\/\/api.w.org\/{rel}","templated":true}]}}