{"id":32482,"date":"2009-11-04T20:42:13","date_gmt":"2009-11-04T20:42:13","guid":{"rendered":"http:\/\/www.pcnen.com\/portal\/?p=32482"},"modified":"2009-11-04T20:42:13","modified_gmt":"2009-11-04T20:42:13","slug":"macka-zarazena-novim-gripom","status":"publish","type":"post","link":"https:\/\/www.pcnen.com\/portal\/2009\/11\/04\/macka-zarazena-novim-gripom\/","title":{"rendered":"Ma\u010dka zara\u017eena novim gripom"},"content":{"rendered":"<p>Jedna ma\u010dka u Ajovi je oboljela od novog gripa A (H1N1) &scaron;to je prvi slu\u010daj zabilje\u017een kod ove vrste \u017eivotinje, saop&scaron;tila je danas ameri\u010dka veterinarska asocijacija, objavio je <em><a href=\"http:\/\/www.blic.rs\/svet.php?id=119055\">Blic <\/a><\/em>u online izdanju. <\/p>\n<p>O\u010digledno je da je jedan od uku\u0107ana prenio ma\u010dki virusnu infekciju, saop&scaron;tila je grupa.<\/p>\n<p>&quot;Dva od tri \u010dlana porodice koja ima ma\u010dku prele\u017eali su bolest sli\u010dnu gripu prije nego &scaron;to se ma\u010dka razboljela&quot;, saop&scaron;tiao je lekar En Garvej iz ministarstva za veterinu Ajove, prenio je Rojters. <\/p>\n<p>&quot;Ovo nije potpuno neo\u010dekivano, po&scaron;to su drugi virusi gripa utvr\u0111eni kod ma\u010daka u pro&scaron;losti&quot;, rekla je Garvej. <\/p>\n<p>I ma\u010dka i njeni vlasnici su se oporavili od bolesti. <\/p>\n<p>&quot;Postoji opasnost da se \u017eivotinje koje \u017eive u ku\u0107i u blizini nekoga ko je bolestan tako\u0111e razbole i na svaki na\u010din treba pratiti njihovo zdavstveno stanje da bi se osiguralo da se one ne razbole&quot;, rekao je dr\u017eavni vetrinar u Ajovi. <\/p>\n<p>Psi i konji , tako\u0111e, mogu da obole od razli\u010ditih virusa gripa, mada kod nijedne od ovih vrsta \u017eivotinja nije dijagnosticiran virus H1N1.<\/p>\n","protected":false},"excerpt":{"rendered":"<p>Jedna ma\u010dka u Ajovi je oboljela od novog gripa A (H1N1) &scaron;to je prvi slu\u010daj zabilje\u017een kod ove vrste \u017eivotinje, saop&scaron;tila je danas ameri\u010dka veterinarska asocijacija, objavio je Blic u online izdanju. O\u010digledno je da je jedan od uku\u0107ana prenio ma\u010dki virusnu infekciju, saop&scaron;tila je grupa. &quot;Dva od tri \u010dlana porodice koja ima ma\u010dku prele\u017eali [&hellip;]<\/p>\n","protected":false},"author":1,"featured_media":0,"comment_status":"open","ping_status":"closed","sticky":false,"template":"","format":"standard","meta":{"_seopress_robots_primary_cat":"","_seopress_titles_title":"","_seopress_titles_desc":"","_seopress_robots_index":"","_et_pb_use_builder":"","_et_pb_old_content":"","_et_gb_content_width":"","inline_featured_image":false,"footnotes":""},"categories":[14],"tags":[],"class_list":["post-32482","post","type-post","status-publish","format-standard","hentry","category-vijesti"],"_links":{"self":[{"href":"https:\/\/www.pcnen.com\/portal\/wp-json\/wp\/v2\/posts\/32482","targetHints":{"allow":["GET"]}}],"collection":[{"href":"https:\/\/www.pcnen.com\/portal\/wp-json\/wp\/v2\/posts"}],"about":[{"href":"https:\/\/www.pcnen.com\/portal\/wp-json\/wp\/v2\/types\/post"}],"author":[{"embeddable":true,"href":"https:\/\/www.pcnen.com\/portal\/wp-json\/wp\/v2\/users\/1"}],"replies":[{"embeddable":true,"href":"https:\/\/www.pcnen.com\/portal\/wp-json\/wp\/v2\/comments?post=32482"}],"version-history":[{"count":0,"href":"https:\/\/www.pcnen.com\/portal\/wp-json\/wp\/v2\/posts\/32482\/revisions"}],"wp:attachment":[{"href":"https:\/\/www.pcnen.com\/portal\/wp-json\/wp\/v2\/media?parent=32482"}],"wp:term":[{"taxonomy":"category","embeddable":true,"href":"https:\/\/www.pcnen.com\/portal\/wp-json\/wp\/v2\/categories?post=32482"},{"taxonomy":"post_tag","embeddable":true,"href":"https:\/\/www.pcnen.com\/portal\/wp-json\/wp\/v2\/tags?post=32482"}],"curies":[{"name":"wp","href":"https:\/\/api.w.org\/{rel}","templated":true}]}}